{"id":50344,"date":"2018-02-10T21:15:23","date_gmt":"2018-02-11T00:15:23","guid":{"rendered":"http:\/\/portalcatolico.net\/portal\/?p=50344"},"modified":"2018-02-10T21:16:54","modified_gmt":"2018-02-11T00:16:54","slug":"paroquia-santa-maria-madalena-recebe-novo-paroco-na-segunda-feira","status":"publish","type":"post","link":"http:\/\/portalcatolico.net\/portal\/paroquia-santa-maria-madalena-recebe-novo-paroco-na-segunda-feira\/","title":{"rendered":"Par\u00f3quia Santa Maria Madalena recebe novo p\u00e1roco na segunda-feira"},"content":{"rendered":"<h3 style=\"font-weight: 400;\"><em><sub>A Par\u00f3quia Santa Maria Madalena, situada no bairro Nova Itabuna em Itabuna (BA), tem a honra de convidar voc\u00ea sua fam\u00edlia e toda a comunidade para a Celebra\u00e7\u00e3o Eucar\u00edstica na qual se dar\u00e1 a cerim\u00f4nia de posse can\u00f4nica do novo P\u00e1roco\u00a0o Pe. Tony Val\u00e9rio.<\/sub><\/em><\/h3>\n<h3 style=\"font-weight: 400;\"><em><sub>A solenidade ser\u00e1 presidida por Dom Carlos Alberto dos Santos, bispo da Diocese de Itabuna, no dia\u00a012 de fevereiro, \u00e0s 19h na Igreja Matriz.<\/sub><\/em><\/h3>\n<h3 style=\"font-weight: 400;\"><em><sub>Participe!<\/sub><\/em><\/h3>\n<h4 style=\"font-weight: 400;\">Por Anara Passos<\/h4>\n<p><strong>\u00a0<\/strong><\/p>\n","protected":false},"excerpt":{"rendered":"<p>A Par\u00f3quia Santa Maria Madalena, situada no bairro Nova Itabuna em Itabuna (BA), tem a honra de convidar voc\u00ea sua fam\u00edlia e toda a comunidade para a Celebra\u00e7\u00e3o Eucar\u00edstica na qual se dar\u00e1 a cerim\u00f4nia de posse can\u00f4nica do novo P\u00e1roco\u00a0o Pe. Tony Val\u00e9rio. A solenidade ser\u00e1 presidida por Dom Carlos Alberto dos Santos, bispo&nbsp;<\/p>\n<p><a class=\"btn btn-style\" href=\"http:\/\/portalcatolico.net\/portal\/paroquia-santa-maria-madalena-recebe-novo-paroco-na-segunda-feira\/\">Continue Reading<\/a><\/p>\n","protected":false},"author":2,"featured_media":50345,"comment_status":"open","ping_status":"open","sticky":false,"template":"","format":"standard","meta":{"footnotes":""},"categories":[1],"tags":[],"class_list":["post-50344","post","type-post","status-publish","format-standard","has-post-thumbnail","hentry","category-agenda"],"_links":{"self":[{"href":"http:\/\/portalcatolico.net\/portal\/wp-json\/wp\/v2\/posts\/50344","targetHints":{"allow":["GET"]}}],"collection":[{"href":"http:\/\/portalcatolico.net\/portal\/wp-json\/wp\/v2\/posts"}],"about":[{"href":"http:\/\/portalcatolico.net\/portal\/wp-json\/wp\/v2\/types\/post"}],"author":[{"embeddable":true,"href":"http:\/\/portalcatolico.net\/portal\/wp-json\/wp\/v2\/users\/2"}],"replies":[{"embeddable":true,"href":"http:\/\/portalcatolico.net\/portal\/wp-json\/wp\/v2\/comments?post=50344"}],"version-history":[{"count":2,"href":"http:\/\/portalcatolico.net\/portal\/wp-json\/wp\/v2\/posts\/50344\/revisions"}],"predecessor-version":[{"id":50347,"href":"http:\/\/portalcatolico.net\/portal\/wp-json\/wp\/v2\/posts\/50344\/revisions\/50347"}],"wp:featuredmedia":[{"embeddable":true,"href":"http:\/\/portalcatolico.net\/portal\/wp-json\/wp\/v2\/media\/50345"}],"wp:attachment":[{"href":"http:\/\/portalcatolico.net\/portal\/wp-json\/wp\/v2\/media?parent=50344"}],"wp:term":[{"taxonomy":"category","embeddable":true,"href":"http:\/\/portalcatolico.net\/portal\/wp-json\/wp\/v2\/categories?post=50344"},{"taxonomy":"post_tag","embeddable":true,"href":"http:\/\/portalcatolico.net\/portal\/wp-json\/wp\/v2\/tags?post=50344"}],"curies":[{"name":"wp","href":"https:\/\/api.w.org\/{rel}","templated":true}]}}