{"id":50326,"date":"2018-02-10T09:50:32","date_gmt":"2018-02-10T12:50:32","guid":{"rendered":"http:\/\/portalcatolico.net\/portal\/?p=50326"},"modified":"2018-02-10T09:57:38","modified_gmt":"2018-02-10T12:57:38","slug":"dom-jailton-de-oliveira-lino-e-empossado-bispo-de-teixeira-de-freitas-caravelas","status":"publish","type":"post","link":"http:\/\/portalcatolico.net\/portal\/dom-jailton-de-oliveira-lino-e-empossado-bispo-de-teixeira-de-freitas-caravelas\/","title":{"rendered":"Dom Jailton de Oliveira Lino \u00e9 empossado bispo de Teixeira de Freitas \/ Caravelas"},"content":{"rendered":"<p>Nesta sexta-feira, 09 de fevereiro, na Catedral S\u00e3o Pedro de Teixeira de Freitas, ocorreu a posse do bispo da Diocese Teixeira de Freitas\/ Caravelas, Dom Jailton de Oliveira Lino. A cerim\u00f4nia iniciou \u00e0s 18h30min, do lado de fora da Catedral, com o prefeito da cidade, o senhor Tim\u00f3teo Alves de Brito, recebendo o bispo e entregando a chave da cidade, e continuou com o rito de posse durante a missa.<\/p>\n<p>Estiveram presentes: Dom Murilo S. R. Krieger, arcebispo de Salvador e primaz do Brasil, respons\u00e1vel por dar posse ao novo bispo; Dom Zanoni Demettino Castro, arcebispo da Arquidiocese de Feira de Santana; Dom Ceslau Stanula, bispo em\u00e9rito da Diocese de Itabuna \u2013 BA; Dom Carlos Alberto dos Santos, bispo da Diocese de Itabuna \u2013 BA; Dom Mauro Montagnoli, bispo da Diocese de Ilh\u00e9us \u2013 BA; Dom Jos\u00e9 Edson Santana de Oliveira, bispo da Diocese de Eun\u00e1polis \u2013 BA; Dom Paulo Bosi Dal\u2019B\u00f3,<img loading=\"lazy\" decoding=\"async\" class=\"size-medium wp-image-50328 alignright\" src=\"http:\/\/portalcatolico.net\/portal\/wp-content\/uploads\/2018\/02\/MJ10280-300x200.jpg\" alt=\"MJ10280\" width=\"300\" height=\"200\" srcset=\"http:\/\/portalcatolico.net\/portal\/wp-content\/uploads\/2018\/02\/MJ10280-300x200.jpg 300w, http:\/\/portalcatolico.net\/portal\/wp-content\/uploads\/2018\/02\/MJ10280-768x513.jpg 768w, http:\/\/portalcatolico.net\/portal\/wp-content\/uploads\/2018\/02\/MJ10280-1024x684.jpg 1024w, http:\/\/portalcatolico.net\/portal\/wp-content\/uploads\/2018\/02\/MJ10280.jpg 1150w\" sizes=\"auto, (max-width: 300px) 100vw, 300px\" \/> bispo da Diocese de S\u00e3o Mateus \u2013 ES.<\/p>\n<p>Estiveram presentes todos os padres da regi\u00e3o e sacerdotes que acompanharam Dom Jailton em sua caminhada religiosa em Farroupilha e Feira de Santana, al\u00e9m de seminaristas e religiosas. Tamb\u00e9m compareceram a cerim\u00f4nia, representantes pol\u00edticos da cidade como o Deputado Federal, Uldurico Junior, o prefeito de Alcoba\u00e7a, L\u00e9o Brito e vereadores; e, o juiz Roney Cunha, representando o Poder Judici\u00e1rio. Os fieis lotaram a igreja e tamb\u00e9m a parte de fora da Catedral, onde puderam acompanhar a cerim\u00f4nia pelo tel\u00e3o.<\/p>\n<p>Ap\u00f3s receber as chaves da cidade, Dom Jailton beijou a cruz e caminhou para dentro da igreja saudando a igreja com \u00e1gua benta, entrou na capela, onde permaneceu um per\u00edodo, e, depois, fez a venera\u00e7\u00e3o a S\u00e3o Pedro. Recebeu o b\u00e1culo e foi reverenciado.<\/p>\n<p>Padre Ronaldo Cardoso saudou Dom Jailton em nome de todo o clero, em seu discurso, ele falou da import\u00e2ncia de um bom pastoreio para a igreja e como a cidade ficou feliz com a nomea\u00e7\u00e3o do bispo no \u00faltimo dia 09 de novembro de 2017. Os leigos foram representados por Douglas Kretli Teixeira e sua fam\u00edlia (C\u00edntia Rodrigo Silva Kretli, sua esposa; B\u00e1rbara Le\u00e3o Kretli e Murilo Le\u00e3o Kretli, seus filhos). O bispo foi saudado por todos os padres presentes. Ap\u00f3s a sauda\u00e7\u00e3o ele beijou o anel, retirou a Mitra e depois o B\u00e1culo.<\/p>\n<p><img loading=\"lazy\" decoding=\"async\" class=\"size-medium wp-image-50329 alignleft\" src=\"http:\/\/portalcatolico.net\/portal\/wp-content\/uploads\/2018\/02\/MJ10184-300x200.jpg\" alt=\"MJ10184\" width=\"300\" height=\"200\" srcset=\"http:\/\/portalcatolico.net\/portal\/wp-content\/uploads\/2018\/02\/MJ10184-300x200.jpg 300w, http:\/\/portalcatolico.net\/portal\/wp-content\/uploads\/2018\/02\/MJ10184-768x513.jpg 768w, http:\/\/portalcatolico.net\/portal\/wp-content\/uploads\/2018\/02\/MJ10184-1024x684.jpg 1024w, http:\/\/portalcatolico.net\/portal\/wp-content\/uploads\/2018\/02\/MJ10184.jpg 1150w\" sizes=\"auto, (max-width: 300px) 100vw, 300px\" \/>Acabado o ritual inicial, ocorreu a missa e, ao final da cerim\u00f4nia, foi lida a Ata de Posse pelo padre Roberto Pereira da Silva, chanceler da c\u00faria. Lavrada a ata, foi assinada pelos bispos presentes.<\/p>\n<p>Dom Murilo S. R. Krieger, arcebispo de Salvador e primaz do Brasil, nos explicou que a escolha do bispo \u00e9 feita ap\u00f3s uma avalia\u00e7\u00e3o e a nomea\u00e7\u00e3o \u00e9 feita pela Papa Francisco. Dom Carlos Alberto dos Santos, que ficou a frente da Diocese de Teixeira de Freitas\/ Caravelas por 11 anos e 6 meses, e saiu para assumir a Diocese de Itabuna, no dia 7 de abril, se tornando o quinto bispo daquela Diocese, veio a Teixeira participar da cerim\u00f4nia do seu sucessor. Ele disse que recebeu com muita alegria a chegada do novo bispo e que um dos desafios que o novo bispo vai enfrentar \u00e9 na forma\u00e7\u00e3o de mais sacerdotes.<\/p>\n<p>Padre Roberto, chanceler da c\u00faria e respons\u00e1vel pela Catedral, diz que recebeu a not\u00edcia da vinda de Dom Jailton como um presente de Deus: \u201cDeus foi muito generoso com nossa Diocese e todos n\u00f3s estamos bastante esperan\u00e7osos, n\u00e3o s\u00f3 o povo cat\u00f3lico, como toda a sociedade\u201d. Ele ainda ressaltou que<img loading=\"lazy\" decoding=\"async\" class=\"wp-image-50337 alignright\" src=\"http:\/\/portalcatolico.net\/portal\/wp-content\/uploads\/2018\/02\/MJ19904-1-300x200.jpg\" alt=\"MJ19904\" width=\"321\" height=\"214\" srcset=\"http:\/\/portalcatolico.net\/portal\/wp-content\/uploads\/2018\/02\/MJ19904-1-300x200.jpg 300w, http:\/\/portalcatolico.net\/portal\/wp-content\/uploads\/2018\/02\/MJ19904-1-768x513.jpg 768w, http:\/\/portalcatolico.net\/portal\/wp-content\/uploads\/2018\/02\/MJ19904-1-1024x684.jpg 1024w, http:\/\/portalcatolico.net\/portal\/wp-content\/uploads\/2018\/02\/MJ19904-1.jpg 1150w\" sizes=\"auto, (max-width: 321px) 100vw, 321px\" \/> o bispo tem dado diversos direcionamentos desde o primeiro dia que chegou a cidade, inclusive quanto \u00e0s forma\u00e7\u00f5es dos novos sacerdotes. O padre ainda disse que todos da Diocese trabalharam muito para que a Catedral recebesse os convidados para a cerim\u00f4nia de posse, sabendo da import\u00e2ncia desse momento hist\u00f3rico para a cidade e para a Catedral que foi inaugura no dia 5 de abril do ano passado.<\/p>\n<p>Dom Jailton se ordenou no dia 13 de janeiro desse ano, no Santu\u00e1rio Diocesano de Nossa Senhora de Caravaggio, em Farroupilha. Na ocasi\u00e3o ele escolheu como lema episcopal a passagem de Mateus (6: 25): \u201cN\u00e3o vos angustieis!\u201d, pois o trecho b\u00edblico marcou muito sua vida: \u201ceu aprendi desde os primeiros tempos a n\u00e3o me preocupar, a n\u00e3o me angustiar porque \u00e9 Deus quem faz e ele sabe das nossas necessidades\u201d, afirmou. Seu escudo tamb\u00e9m foi inspirado no evangelho de S\u00e3o Mateus (6: 23-33): \u201cOlhai os l\u00edrios do campo e as aves do c\u00e9u\u2026\u201d.<\/p>\n<p>O bispo pertence a Congrega\u00e7\u00e3o dos Pobres Servos da Divina Provid\u00eancia, da qual ingressou em 1980. Em 17 de dezembro de 1988 em Feira de Santana, na Bahia, foi ordenado sacerdote. \u00c9 formado em Filosofia e Teologia pela Pontif\u00edcia Universidade Cat\u00f3lica do Rio Grande do Sul, PUCRS, e em Psicologia pela Unisinos. Ele tem tamb\u00e9m p\u00f3s-gradua\u00e7\u00e3o em Psicopedagogia do Acompanhamento de Jovens e Adolescentes e MBA em Gest\u00e3o Hospitalar.<\/p>\n<p><img loading=\"lazy\" decoding=\"async\" class=\"wp-image-50331 alignleft\" src=\"http:\/\/portalcatolico.net\/portal\/wp-content\/uploads\/2018\/02\/MJ19920-300x200.jpg\" alt=\"MJ19920\" width=\"242\" height=\"161\" srcset=\"http:\/\/portalcatolico.net\/portal\/wp-content\/uploads\/2018\/02\/MJ19920-300x200.jpg 300w, http:\/\/portalcatolico.net\/portal\/wp-content\/uploads\/2018\/02\/MJ19920-768x513.jpg 768w, http:\/\/portalcatolico.net\/portal\/wp-content\/uploads\/2018\/02\/MJ19920-1024x684.jpg 1024w, http:\/\/portalcatolico.net\/portal\/wp-content\/uploads\/2018\/02\/MJ19920.jpg 1150w\" sizes=\"auto, (max-width: 242px) 100vw, 242px\" \/>Desde o dia 01 de fevereiro, quando chegou a Teixeira, o bispo tem sido acolhido e amado por todos. Durante a semana ele deixou um recado para a cidade: \u201cEu venho com muito entusiasmo, com muita garra e com muita disposi\u00e7\u00e3o; de mangas arrega\u00e7adas para trabalhar com voc\u00eas e trabalhar por voc\u00eas e a\u00ed eu conto com a participa\u00e7\u00e3o de todos e com a ajuda de todos; e, quero dizer que meu cora\u00e7\u00e3o pulsa muito e bate muito por essa miss\u00e3o que Deus me confiou aqui, ent\u00e3o eu quero dedicar as batidas de meu cora\u00e7\u00e3o a voc\u00eas\u201d, falou.<\/p>\n<p>Em sua primeira homilia ap\u00f3s a posse ele falou de suas expectativas com essa miss\u00e3o e agradeceu a recep\u00e7\u00e3o da cidade. Tamb\u00e9m agradeceu a presen\u00e7a de seus familiares e de amigos que vieram do Rio Grande do Sul para prestigiarem essa celebra\u00e7\u00e3o.<\/p>\n<p>Texto e fotos:\u00a0PASCOM-Diocese de Teixeira de Freitas\/Caravelas (BA)<\/p>\n<p><img loading=\"lazy\" decoding=\"async\" class=\"alignnone size-medium wp-image-50335\" src=\"http:\/\/portalcatolico.net\/portal\/wp-content\/uploads\/2018\/02\/MJ19987-300x200.jpg\" alt=\"MJ19987\" width=\"300\" height=\"200\" srcset=\"http:\/\/portalcatolico.net\/portal\/wp-content\/uploads\/2018\/02\/MJ19987-300x200.jpg 300w, http:\/\/portalcatolico.net\/portal\/wp-content\/uploads\/2018\/02\/MJ19987-768x513.jpg 768w, http:\/\/portalcatolico.net\/portal\/wp-content\/uploads\/2018\/02\/MJ19987-1024x684.jpg 1024w, http:\/\/portalcatolico.net\/portal\/wp-content\/uploads\/2018\/02\/MJ19987.jpg 1150w\" sizes=\"auto, (max-width: 300px) 100vw, 300px\" \/> <img loading=\"lazy\" decoding=\"async\" class=\"alignnone size-medium wp-image-50334\" src=\"http:\/\/portalcatolico.net\/portal\/wp-content\/uploads\/2018\/02\/MJ19986-300x200.jpg\" alt=\"MJ19986\" width=\"300\" height=\"200\" srcset=\"http:\/\/portalcatolico.net\/portal\/wp-content\/uploads\/2018\/02\/MJ19986-300x200.jpg 300w, http:\/\/portalcatolico.net\/portal\/wp-content\/uploads\/2018\/02\/MJ19986-768x513.jpg 768w, http:\/\/portalcatolico.net\/portal\/wp-content\/uploads\/2018\/02\/MJ19986-1024x684.jpg 1024w, http:\/\/portalcatolico.net\/portal\/wp-content\/uploads\/2018\/02\/MJ19986.jpg 1150w\" sizes=\"auto, (max-width: 300px) 100vw, 300px\" \/> <img loading=\"lazy\" decoding=\"async\" class=\"alignnone size-medium wp-image-50333\" src=\"http:\/\/portalcatolico.net\/portal\/wp-content\/uploads\/2018\/02\/MJ19933-300x200.jpg\" alt=\"MJ19933\" width=\"300\" height=\"200\" srcset=\"http:\/\/portalcatolico.net\/portal\/wp-content\/uploads\/2018\/02\/MJ19933-300x200.jpg 300w, http:\/\/portalcatolico.net\/portal\/wp-content\/uploads\/2018\/02\/MJ19933-768x513.jpg 768w, http:\/\/portalcatolico.net\/portal\/wp-content\/uploads\/2018\/02\/MJ19933-1024x684.jpg 1024w, http:\/\/portalcatolico.net\/portal\/wp-content\/uploads\/2018\/02\/MJ19933.jpg 1150w\" sizes=\"auto, (max-width: 300px) 100vw, 300px\" \/> <img loading=\"lazy\" decoding=\"async\" class=\"alignnone size-medium wp-image-50332\" src=\"http:\/\/portalcatolico.net\/portal\/wp-content\/uploads\/2018\/02\/MJ19929-300x200.jpg\" alt=\"MJ19929\" width=\"300\" height=\"200\" srcset=\"http:\/\/portalcatolico.net\/portal\/wp-content\/uploads\/2018\/02\/MJ19929-300x200.jpg 300w, http:\/\/portalcatolico.net\/portal\/wp-content\/uploads\/2018\/02\/MJ19929-768x513.jpg 768w, http:\/\/portalcatolico.net\/portal\/wp-content\/uploads\/2018\/02\/MJ19929-1024x684.jpg 1024w, http:\/\/portalcatolico.net\/portal\/wp-content\/uploads\/2018\/02\/MJ19929.jpg 1150w\" sizes=\"auto, (max-width: 300px) 100vw, 300px\" \/><\/p>\n<p>&nbsp;<\/p>\n<p>&nbsp;<\/p>\n","protected":false},"excerpt":{"rendered":"<p>Nesta sexta-feira, 09 de fevereiro, na Catedral S\u00e3o Pedro de Teixeira de Freitas, ocorreu a posse do bispo da Diocese Teixeira de Freitas\/ Caravelas, Dom Jailton de Oliveira Lino. A cerim\u00f4nia iniciou \u00e0s 18h30min, do lado de fora da Catedral, com o prefeito da cidade, o senhor Tim\u00f3teo Alves de Brito, recebendo o bispo e&nbsp;<\/p>\n<p><a class=\"btn btn-style\" href=\"http:\/\/portalcatolico.net\/portal\/dom-jailton-de-oliveira-lino-e-empossado-bispo-de-teixeira-de-freitas-caravelas\/\">Continue Reading<\/a><\/p>\n","protected":false},"author":2,"featured_media":50327,"comment_status":"open","ping_status":"open","sticky":false,"template":"","format":"standard","meta":{"footnotes":""},"categories":[4],"tags":[],"class_list":["post-50326","post","type-post","status-publish","format-standard","has-post-thumbnail","hentry","category-destaques"],"_links":{"self":[{"href":"http:\/\/portalcatolico.net\/portal\/wp-json\/wp\/v2\/posts\/50326","targetHints":{"allow":["GET"]}}],"collection":[{"href":"http:\/\/portalcatolico.net\/portal\/wp-json\/wp\/v2\/posts"}],"about":[{"href":"http:\/\/portalcatolico.net\/portal\/wp-json\/wp\/v2\/types\/post"}],"author":[{"embeddable":true,"href":"http:\/\/portalcatolico.net\/portal\/wp-json\/wp\/v2\/users\/2"}],"replies":[{"embeddable":true,"href":"http:\/\/portalcatolico.net\/portal\/wp-json\/wp\/v2\/comments?post=50326"}],"version-history":[{"count":5,"href":"http:\/\/portalcatolico.net\/portal\/wp-json\/wp\/v2\/posts\/50326\/revisions"}],"predecessor-version":[{"id":50342,"href":"http:\/\/portalcatolico.net\/portal\/wp-json\/wp\/v2\/posts\/50326\/revisions\/50342"}],"wp:featuredmedia":[{"embeddable":true,"href":"http:\/\/portalcatolico.net\/portal\/wp-json\/wp\/v2\/media\/50327"}],"wp:attachment":[{"href":"http:\/\/portalcatolico.net\/portal\/wp-json\/wp\/v2\/media?parent=50326"}],"wp:term":[{"taxonomy":"category","embeddable":true,"href":"http:\/\/portalcatolico.net\/portal\/wp-json\/wp\/v2\/categories?post=50326"},{"taxonomy":"post_tag","embeddable":true,"href":"http:\/\/portalcatolico.net\/portal\/wp-json\/wp\/v2\/tags?post=50326"}],"curies":[{"name":"wp","href":"https:\/\/api.w.org\/{rel}","templated":true}]}}