{"id":50323,"date":"2018-02-10T04:22:59","date_gmt":"2018-02-10T07:22:59","guid":{"rendered":"http:\/\/portalcatolico.net\/portal\/?p=50323"},"modified":"2018-02-09T16:23:23","modified_gmt":"2018-02-09T19:23:23","slug":"comunidade-de-alianca-filhos-de-israel-comemora-aniversario","status":"publish","type":"post","link":"http:\/\/portalcatolico.net\/portal\/comunidade-de-alianca-filhos-de-israel-comemora-aniversario\/","title":{"rendered":"Comunidade de Alian\u00e7a Filhos de Israel comemora anivers\u00e1rio"},"content":{"rendered":"<p>A Comunidade de Alian\u00e7a Filhos de Israel est\u00e1 em festa! Por isso, ela convida voc\u00ea e sua fam\u00edlia para participar da solene celebra\u00e7\u00e3o de anivers\u00e1rio, no dia 15 de fevereiro, \u00e0s 19h, na Comunidade de Nossa Senhora de Guadalupe, situada no bairro Parque Boa Vista Boa Vista, em Itabuna (BA).<\/p>\n<p>A santa missa ser\u00e1 presidida pelo bispo diocesano, dom Carlos Alberto dos Santos.<\/p>\n<p>A capela comp\u00f5e a Par\u00f3quia Nossa Senhora Aparecida do bairro Calif\u00f3rnia na Diocese de Itabuna.<\/p>\n<p>S\u00e3o 24 anos de evangeliza\u00e7\u00e3o e amor ao pr\u00f3ximo. Participe deste momento marcante e especial!<\/p>\n<p>Edi\u00e7\u00e3o de texto: Anara Passos (Comunic\u00f3loga- DRT 7574)<\/p>\n<p><em>\u00a0<\/em><\/p>\n","protected":false},"excerpt":{"rendered":"<p>A Comunidade de Alian\u00e7a Filhos de Israel est\u00e1 em festa! Por isso, ela convida voc\u00ea e sua fam\u00edlia para participar da solene celebra\u00e7\u00e3o de anivers\u00e1rio, no dia 15 de fevereiro, \u00e0s 19h, na Comunidade de Nossa Senhora de Guadalupe, situada no bairro Parque Boa Vista Boa Vista, em Itabuna (BA). A santa missa ser\u00e1 presidida&nbsp;<\/p>\n<p><a class=\"btn btn-style\" href=\"http:\/\/portalcatolico.net\/portal\/comunidade-de-alianca-filhos-de-israel-comemora-aniversario\/\">Continue Reading<\/a><\/p>\n","protected":false},"author":2,"featured_media":50324,"comment_status":"open","ping_status":"open","sticky":false,"template":"","format":"standard","meta":{"footnotes":""},"categories":[1],"tags":[],"class_list":["post-50323","post","type-post","status-publish","format-standard","has-post-thumbnail","hentry","category-agenda"],"_links":{"self":[{"href":"http:\/\/portalcatolico.net\/portal\/wp-json\/wp\/v2\/posts\/50323","targetHints":{"allow":["GET"]}}],"collection":[{"href":"http:\/\/portalcatolico.net\/portal\/wp-json\/wp\/v2\/posts"}],"about":[{"href":"http:\/\/portalcatolico.net\/portal\/wp-json\/wp\/v2\/types\/post"}],"author":[{"embeddable":true,"href":"http:\/\/portalcatolico.net\/portal\/wp-json\/wp\/v2\/users\/2"}],"replies":[{"embeddable":true,"href":"http:\/\/portalcatolico.net\/portal\/wp-json\/wp\/v2\/comments?post=50323"}],"version-history":[{"count":1,"href":"http:\/\/portalcatolico.net\/portal\/wp-json\/wp\/v2\/posts\/50323\/revisions"}],"predecessor-version":[{"id":50325,"href":"http:\/\/portalcatolico.net\/portal\/wp-json\/wp\/v2\/posts\/50323\/revisions\/50325"}],"wp:featuredmedia":[{"embeddable":true,"href":"http:\/\/portalcatolico.net\/portal\/wp-json\/wp\/v2\/media\/50324"}],"wp:attachment":[{"href":"http:\/\/portalcatolico.net\/portal\/wp-json\/wp\/v2\/media?parent=50323"}],"wp:term":[{"taxonomy":"category","embeddable":true,"href":"http:\/\/portalcatolico.net\/portal\/wp-json\/wp\/v2\/categories?post=50323"},{"taxonomy":"post_tag","embeddable":true,"href":"http:\/\/portalcatolico.net\/portal\/wp-json\/wp\/v2\/tags?post=50323"}],"curies":[{"name":"wp","href":"https:\/\/api.w.org\/{rel}","templated":true}]}}