{"id":50311,"date":"2018-02-09T15:05:53","date_gmt":"2018-02-09T18:05:53","guid":{"rendered":"http:\/\/portalcatolico.net\/portal\/?p=50311"},"modified":"2018-02-09T16:13:02","modified_gmt":"2018-02-09T19:13:02","slug":"padre-telmo-soares-assume-paroquia-em-arataca","status":"publish","type":"post","link":"http:\/\/portalcatolico.net\/portal\/padre-telmo-soares-assume-paroquia-em-arataca\/","title":{"rendered":"Padre Telmo Soares assume par\u00f3quia em Arataca"},"content":{"rendered":"<h3 style=\"font-weight: 400;\"><\/h3>\n<p><em>A Par\u00f3quia Nossa Senhora da Concei\u00e7\u00e3o da cidade de Arataca, no sul da Bahia, recebeu seu novo p\u00e1roco, o Pe. Telmo Soares Pinto, na noite desta quinta-feira (08), \u00e0s 19h. \u00a0O sacerdote\u00a0 foi transferido da par\u00f3quia Senhora Sant\u00b4Ana do munic\u00edpio Floresta Azul (BA),onde exerceu seu minist\u00e9rio sacerdotal como p\u00e1roco por sete anos.<\/em><\/p>\n<p><em>\u00a0A missa de posse can\u00f4nica foi presidida pelo bispo da Diocese de Itabuna, Dom Carlos Alberto dos Santos, com presen\u00e7a tamb\u00e9m de alguns padres diocesanos, vocacionados, entre outros religiosos e religiosas.\u00a0O rito de posse teve in\u00edcio com a leitura do Decreto de nomea\u00e7\u00e3o pelo Padre Gilvan Oliveira . Depois, devidamente assinado pelo novo p\u00e1roco, ele recebeu o Livro Sagrado, momentos antes de proclamar a Palavra de Deus.<\/em><\/p>\n<p><em>\u00a0Na Homilia, Dom Carlos falou sobre a miss\u00e3o do padre Telmo: \u201cEle vem para pastorear, governar e evangelizar o povo de Deus que agora lhes \u00e9 entregue. O padre ser\u00e1 parte integrante da fam\u00edlia de voc\u00eas. Ajude, apoie, converse, ame, da melhor forma poss\u00edvel, para que ele tamb\u00e9m ame, ajude e procure te ajudar a seguir o caminho do Senhor\u201d<\/em><\/p>\n<p><em>\u00a0A celebra\u00e7\u00e3o tamb\u00e9m ficou marcada pelo ritual em que Dom Carlos Alberto entregou solenemente, al\u00e9m do Livro Sagrado, a chave da Igreja, a chave do Sacr\u00e1rio, os instrumentos para o batismo e a estola roxa. Com a posse da chave, o novo p\u00e1roco se dirigiu at\u00e9 o local do Sacr\u00e1rio e conversou com Deus, com bispo e padres.<\/em><\/p>\n<p><em>\u00a0Ao final da celebra\u00e7\u00e3o, o padre recebeu os complementos dos fieis numa confraterniza\u00e7\u00e3o para todos\u00a0 cat\u00f3licos presentes na celebra\u00e7\u00e3o. Nas homenagem de acolhimento, os paroquianos membros de pastorais e movimentos, entregaram ao sacerdote, um placa exaltando-o\u00a0 pelos servi\u00e7os prestados na Par\u00f3quia Senhora Sant\u00b4Ana.<\/em><\/p>\n<p><em>Na ocasi\u00e3o, Padre Telmo fez um pedido especial: \u201cRezem por mim e pela minha miss\u00e3o(\u2026) Quero ser um pastor de sentir o cheiro, o abra\u00e7o, o carinho de voc\u00eas. Sentir o cheiro, o aroma que colocaram nas ovelhas\u201d, finalizou ele, utilizando uma met\u00e1fora dita pelo Papa Francisco.<\/em><\/p>\n<p><em>\u00a0Edi\u00e7\u00e3o de texto: Anara Passos\u00a0\u00a0\u00a0\u00a0\u00a0\u00a0\u00a0\u00a0\u00a0 <\/em><\/p>\n<p><em>Reportagem\u00a0 e fotos: Valdeni Elias<\/em><\/p>\n<p><em>\u00a0<\/em>\u00c1lbuns de fotos: <a href=\"https:\/\/www.facebook.com\/portalcatolicooficial\">Clique aqui<\/a><\/p>\n","protected":false},"excerpt":{"rendered":"<p>A Par\u00f3quia Nossa Senhora da Concei\u00e7\u00e3o da cidade de Arataca, no sul da Bahia, recebeu seu novo p\u00e1roco, o Pe. Telmo Soares Pinto, na noite desta quinta-feira (08), \u00e0s 19h. \u00a0O sacerdote\u00a0 foi transferido da par\u00f3quia Senhora Sant\u00b4Ana do munic\u00edpio Floresta Azul (BA),onde exerceu seu minist\u00e9rio sacerdotal como p\u00e1roco por sete anos. \u00a0A missa de&nbsp;<\/p>\n<p><a class=\"btn btn-style\" href=\"http:\/\/portalcatolico.net\/portal\/padre-telmo-soares-assume-paroquia-em-arataca\/\">Continue Reading<\/a><\/p>\n","protected":false},"author":2,"featured_media":50312,"comment_status":"open","ping_status":"open","sticky":false,"template":"","format":"standard","meta":{"footnotes":""},"categories":[68],"tags":[],"class_list":["post-50311","post","type-post","status-publish","format-standard","has-post-thumbnail","hentry","category-homilias"],"_links":{"self":[{"href":"http:\/\/portalcatolico.net\/portal\/wp-json\/wp\/v2\/posts\/50311","targetHints":{"allow":["GET"]}}],"collection":[{"href":"http:\/\/portalcatolico.net\/portal\/wp-json\/wp\/v2\/posts"}],"about":[{"href":"http:\/\/portalcatolico.net\/portal\/wp-json\/wp\/v2\/types\/post"}],"author":[{"embeddable":true,"href":"http:\/\/portalcatolico.net\/portal\/wp-json\/wp\/v2\/users\/2"}],"replies":[{"embeddable":true,"href":"http:\/\/portalcatolico.net\/portal\/wp-json\/wp\/v2\/comments?post=50311"}],"version-history":[{"count":8,"href":"http:\/\/portalcatolico.net\/portal\/wp-json\/wp\/v2\/posts\/50311\/revisions"}],"predecessor-version":[{"id":50322,"href":"http:\/\/portalcatolico.net\/portal\/wp-json\/wp\/v2\/posts\/50311\/revisions\/50322"}],"wp:featuredmedia":[{"embeddable":true,"href":"http:\/\/portalcatolico.net\/portal\/wp-json\/wp\/v2\/media\/50312"}],"wp:attachment":[{"href":"http:\/\/portalcatolico.net\/portal\/wp-json\/wp\/v2\/media?parent=50311"}],"wp:term":[{"taxonomy":"category","embeddable":true,"href":"http:\/\/portalcatolico.net\/portal\/wp-json\/wp\/v2\/categories?post=50311"},{"taxonomy":"post_tag","embeddable":true,"href":"http:\/\/portalcatolico.net\/portal\/wp-json\/wp\/v2\/tags?post=50311"}],"curies":[{"name":"wp","href":"https:\/\/api.w.org\/{rel}","templated":true}]}}