{"id":50308,"date":"2018-02-09T14:52:41","date_gmt":"2018-02-09T17:52:41","guid":{"rendered":"http:\/\/portalcatolico.net\/portal\/?p=50308"},"modified":"2018-02-09T14:52:41","modified_gmt":"2018-02-09T17:52:41","slug":"saj-paroquia-nossa-senhora-do-perpetuo-socorro-celebra-1o-ano-de-existencia","status":"publish","type":"post","link":"http:\/\/portalcatolico.net\/portal\/saj-paroquia-nossa-senhora-do-perpetuo-socorro-celebra-1o-ano-de-existencia\/","title":{"rendered":"SAJ: Par\u00f3quia Nossa Senhora do Perp\u00e9tuo Socorro celebra 1\u00ba ano de exist\u00eancia"},"content":{"rendered":"<p>Na \u00faltima quarta-feira(07\/02) a Par\u00f3quia Nossa Senhora do Perp\u00e9tuo Socorro, na comunidade do Cajueiro, em Santo Antonio de Jesus, completou um ano de implanta\u00e7\u00e3o e para comemorar o seu anivers\u00e1rio foi realizada uma Missa, \u00e0s 19h30, presidida pelo filho da comunidade, padre Jos\u00e9 Raimundo e concelebrada pelo p\u00e1roco Wilson Vit\u00f3ria, padre Lourival H\u00e9lio(Par\u00f3quia S\u00e3o Roque em Dom Macedo Costa e Reitor do Semin\u00e1rio Maior em Salvador); a missa contou com a participa\u00e7\u00e3o do di\u00e1cono Jorge Pereira e do seminarista Fernando.<\/p>\n<p>Em sua homilia, padre Wilson ressaltou a import\u00e2ncia de se ter um olhar para o outro, assim como foi nas primeiras comunidades crist\u00e3s.\u00a0\u201cN\u00e3o basta s\u00f3 estarmos na igreja, nos reunirmos para momentos orantes e celebrativos; a igreja tem que ser sal da terra e luz do mundo. Embora a igreja esteja cheia, ainda h\u00e1 muitos irm\u00e3os que ainda n\u00e3o participam e vivem sua f\u00e9 isolados na sua casa. N\u00e3o podemos nos acomodar, [vamos] colher e semear um pouco mais\u201d, disse o p\u00e1roco.<\/p>\n<p>Quanto \u00e0 Par\u00f3quia padre Wilson salientou: \u201cAinda estamos engatinhando enquanto par\u00f3quia, dando os primeiros passos, se j\u00e1 colhemos alguns frutos, foi gra\u00e7as a tudo que antes foi semeado. Pedimos a Deus nesse dia para que outros grupos, pastorais e outras comunidades possam surgir, que possamos cultivar a sabedoria de Salom\u00e3o e levar a palavra de Deus ao outro\u201d.<\/p>\n<p>Integram a Par\u00f3quia do Cajueiro as comunidades do Riach\u00e3o, Sobradinho, Benfica, Riacho Dantas, Vila Bonfim, Baixa do Morro, Rio das Pedras e as casas populares do Minha Casa Minha Vida.<span id=\"more-98577\"><\/span><img loading=\"lazy\" decoding=\"async\" class=\"aligncenter size-full wp-image-98579\" src=\"http:\/\/tribunadoreconcavo.com\/wp-content\/uploads\/2018\/02\/paroquia-caueiro-povo.jpg\" sizes=\"auto, (max-width: 700px) 100vw, 700px\" srcset=\"http:\/\/tribunadoreconcavo.com\/wp-content\/uploads\/2018\/02\/paroquia-caueiro-povo.jpg 700w, http:\/\/tribunadoreconcavo.com\/wp-content\/uploads\/2018\/02\/paroquia-caueiro-povo-300x97.jpg 300w\" alt=\"\" width=\"700\" height=\"226\" \/><\/p>\n<p>J\u00e1 o padre Jos\u00e9 Raimundo contou que o Cajueiro foi uma das primeiras comunidades a existir em Santo Ant\u00f4nio de Jesus, a qual tinha o caixa da comunidade, que funcionava como um empr\u00e9stimo.<\/p>\n<p>\u201cMuitas vezes fui para encontros vocacionais em Amargosa com o dinheiro do caixa e se hoje sou um padre, agrade\u00e7o a comunidade do Cajueiro. Essa comunidade vai al\u00e9m do que estamos celebrando hoje, tem ra\u00edzes, com a vida de tanta gente que por aqui passou. Aqui est\u00e3o unidos um passado, um presente e um futuro que ainda vai acontecer\u201d, ressaltou Jos\u00e9 Raimundo que continua em estudos em Roma.<\/p>\n<p>Na missa de anvers\u00e1rio houve um bolo enorme com a imagem da padroeira e toda comunidade cantou os parab\u00e9ns para a par\u00f3quia.<\/p>\n<p>Fotos:Sandra Maria<\/p>\n<p>Mat\u00e9ria: Jocinere Soares<\/p>\n<p>Fonte: Tribuna do Rec\u00f4ncavo<\/p>\n<p>&nbsp;<\/p>\n","protected":false},"excerpt":{"rendered":"<p>Na \u00faltima quarta-feira(07\/02) a Par\u00f3quia Nossa Senhora do Perp\u00e9tuo Socorro, na comunidade do Cajueiro, em Santo Antonio de Jesus, completou um ano de implanta\u00e7\u00e3o e para comemorar o seu anivers\u00e1rio foi realizada uma Missa, \u00e0s 19h30, presidida pelo filho da comunidade, padre Jos\u00e9 Raimundo e concelebrada pelo p\u00e1roco Wilson Vit\u00f3ria, padre Lourival H\u00e9lio(Par\u00f3quia S\u00e3o Roque&nbsp;<\/p>\n<p><a class=\"btn btn-style\" href=\"http:\/\/portalcatolico.net\/portal\/saj-paroquia-nossa-senhora-do-perpetuo-socorro-celebra-1o-ano-de-existencia\/\">Continue Reading<\/a><\/p>\n","protected":false},"author":2,"featured_media":50309,"comment_status":"open","ping_status":"open","sticky":false,"template":"","format":"standard","meta":{"footnotes":""},"categories":[3],"tags":[],"class_list":["post-50308","post","type-post","status-publish","format-standard","has-post-thumbnail","hentry","category-noticias_regionais"],"_links":{"self":[{"href":"http:\/\/portalcatolico.net\/portal\/wp-json\/wp\/v2\/posts\/50308","targetHints":{"allow":["GET"]}}],"collection":[{"href":"http:\/\/portalcatolico.net\/portal\/wp-json\/wp\/v2\/posts"}],"about":[{"href":"http:\/\/portalcatolico.net\/portal\/wp-json\/wp\/v2\/types\/post"}],"author":[{"embeddable":true,"href":"http:\/\/portalcatolico.net\/portal\/wp-json\/wp\/v2\/users\/2"}],"replies":[{"embeddable":true,"href":"http:\/\/portalcatolico.net\/portal\/wp-json\/wp\/v2\/comments?post=50308"}],"version-history":[{"count":1,"href":"http:\/\/portalcatolico.net\/portal\/wp-json\/wp\/v2\/posts\/50308\/revisions"}],"predecessor-version":[{"id":50310,"href":"http:\/\/portalcatolico.net\/portal\/wp-json\/wp\/v2\/posts\/50308\/revisions\/50310"}],"wp:featuredmedia":[{"embeddable":true,"href":"http:\/\/portalcatolico.net\/portal\/wp-json\/wp\/v2\/media\/50309"}],"wp:attachment":[{"href":"http:\/\/portalcatolico.net\/portal\/wp-json\/wp\/v2\/media?parent=50308"}],"wp:term":[{"taxonomy":"category","embeddable":true,"href":"http:\/\/portalcatolico.net\/portal\/wp-json\/wp\/v2\/categories?post=50308"},{"taxonomy":"post_tag","embeddable":true,"href":"http:\/\/portalcatolico.net\/portal\/wp-json\/wp\/v2\/tags?post=50308"}],"curies":[{"name":"wp","href":"https:\/\/api.w.org\/{rel}","templated":true}]}}