{"id":50305,"date":"2018-02-09T14:49:26","date_gmt":"2018-02-09T17:49:26","guid":{"rendered":"http:\/\/portalcatolico.net\/portal\/?p=50305"},"modified":"2018-02-09T14:49:26","modified_gmt":"2018-02-09T17:49:26","slug":"nova-constituicao-apostolica-reflete-sobre-as-universidades-e-faculdades-eclesiasticas","status":"publish","type":"post","link":"http:\/\/portalcatolico.net\/portal\/nova-constituicao-apostolica-reflete-sobre-as-universidades-e-faculdades-eclesiasticas\/","title":{"rendered":"Nova Constitui\u00e7\u00e3o Apost\u00f3lica reflete sobre as universidades e faculdades eclesi\u00e1sticas"},"content":{"rendered":"<p>Um novo documento escrito pelo papa Francisco foi apresentado na segunda-feira, 29, durante coletiva de imprensa no Vaticano. A Constitui\u00e7\u00e3o Apost\u00f3lica \u201c<em>Veritatis Gaudium<\/em>\u201d ou \u201cA Alegria da Verdade\u201d versa sobre as universidades e faculdades eclesi\u00e1sticas e substitui a Constitui\u00e7\u00e3o Apost\u00f3lica \u201c<em>Sapientia Christiana<\/em>\u00a0ou \u201cSabedoria Crist\u00e3\u201d, escrita pelo ent\u00e3o papa Jo\u00e3o Paulo II. Francisco assumiu a revis\u00e3o do documento ap\u00f3s a Congrega\u00e7\u00e3o para a Educa\u00e7\u00e3o Cat\u00f3lica propor um novo quadro formativo.<\/p>\n<p>\u201cPassados quase quarenta anos, fi\u00e9is ao esp\u00edrito e \u00e0s orienta\u00e7\u00f5es do Vaticano II e como sua oportuna atualiza\u00e7\u00e3o, torna-se hoje necess\u00e1rio e urgente uma atualiza\u00e7\u00e3o da referida Constitui\u00e7\u00e3o Apost\u00f3lica. De fato, permanecendo plenamente v\u00e1lida na sua vis\u00e3o prof\u00e9tica e no seu l\u00facido ditame, precisa de ser integrada com as disposi\u00e7\u00f5es normativas entretanto emanadas, tendo em conta ao mesmo tempo o desenvolvimento no campo dos estudos acad\u00eamicos que se registou nas \u00faltimas d\u00e9cadas bem como as mudan\u00e7as no contexto sociocultural a n\u00edvel global, e ainda quanto foi recomendado a n\u00edvel internacional na implementa\u00e7\u00e3o das v\u00e1rias iniciativas a que aderiu a Santa S\u00e9\u201d, escreveu o pont\u00edfice.<\/p>\n<p>Na apresenta\u00e7\u00e3o do documento, o prefeito da Congrega\u00e7\u00e3o para a Educa\u00e7\u00e3o Cat\u00f3lica, cardeal Giuseppe Versaldi afirmou aos jornalistas que a Constitui\u00e7\u00e3o sobre os estudos acad\u00eamicos eclesi\u00e1sticos indica o sentido para uma renova\u00e7\u00e3o e um impulso da contribui\u00e7\u00e3o dos estudos eclesi\u00e1sticos para uma Igreja mission\u00e1ria em sa\u00edda, como inspirada na \u201c<em>Evangelii Gaudium<\/em>\u201d. Tamb\u00e9m presente na coletiva o secret\u00e1rio da Congrega\u00e7\u00e3o, dom Angelo Vincenzo Zani destacou algumas novidades do documento. De acordo com ele, al\u00e9m de confirmar as disposi\u00e7\u00f5es anteriores, a Constitui\u00e7\u00e3o prev\u00ea novidades de natureza diversa, sendo que algumas dizem respeito aos cursos de estudos e aos relativos t\u00edtulos, outras a figura dos docentes e de pessoas com cargo de responsabilidade e ainda algumas de aspectos institucionais.<\/p>\n<p><strong>Novidades<\/strong><\/p>\n<p>Uma das singularidades da nova Constitui\u00e7\u00e3o \u00e9 o Ensino \u00e0 Dist\u00e2ncia. \u201cA revolu\u00e7\u00e3o inform\u00e1tica e telem\u00e1tica \u00e9 perpetrada amplamente nos sistemas acad\u00eamicos abrindo cen\u00e1rios antes impens\u00e1veis com oportunidades novas de conhecimento, estudos e pesquisa\u201d, afirmou dom Zani. Isto porque o documento prev\u00ea que uma parte dos cursos possa ser desenvolvida na modalidade \u00e0 dist\u00e2ncia se o ordenamento dos estudos, aprovado pela Congrega\u00e7\u00e3o para a Educa\u00e7\u00e3o Cat\u00f3lica, pressupor e determinar as condi\u00e7\u00f5es.<\/p>\n<p>Acesse a\u00a0Constitui\u00e7\u00e3o\u00a0na \u00edntegra.<\/p>\n<p>Com informa\u00e7\u00f5es do Boletim da Santa S\u00e9<\/p>\n","protected":false},"excerpt":{"rendered":"<p>Um novo documento escrito pelo papa Francisco foi apresentado na segunda-feira, 29, durante coletiva de imprensa no Vaticano. A Constitui\u00e7\u00e3o Apost\u00f3lica \u201cVeritatis Gaudium\u201d ou \u201cA Alegria da Verdade\u201d versa sobre as universidades e faculdades eclesi\u00e1sticas e substitui a Constitui\u00e7\u00e3o Apost\u00f3lica \u201cSapientia Christiana\u00a0ou \u201cSabedoria Crist\u00e3\u201d, escrita pelo ent\u00e3o papa Jo\u00e3o Paulo II. Francisco assumiu a revis\u00e3o&nbsp;<\/p>\n<p><a class=\"btn btn-style\" href=\"http:\/\/portalcatolico.net\/portal\/nova-constituicao-apostolica-reflete-sobre-as-universidades-e-faculdades-eclesiasticas\/\">Continue Reading<\/a><\/p>\n","protected":false},"author":2,"featured_media":50306,"comment_status":"open","ping_status":"open","sticky":false,"template":"","format":"standard","meta":{"footnotes":""},"categories":[5],"tags":[],"class_list":["post-50305","post","type-post","status-publish","format-standard","has-post-thumbnail","hentry","category-igreja_no_mundo"],"_links":{"self":[{"href":"http:\/\/portalcatolico.net\/portal\/wp-json\/wp\/v2\/posts\/50305","targetHints":{"allow":["GET"]}}],"collection":[{"href":"http:\/\/portalcatolico.net\/portal\/wp-json\/wp\/v2\/posts"}],"about":[{"href":"http:\/\/portalcatolico.net\/portal\/wp-json\/wp\/v2\/types\/post"}],"author":[{"embeddable":true,"href":"http:\/\/portalcatolico.net\/portal\/wp-json\/wp\/v2\/users\/2"}],"replies":[{"embeddable":true,"href":"http:\/\/portalcatolico.net\/portal\/wp-json\/wp\/v2\/comments?post=50305"}],"version-history":[{"count":1,"href":"http:\/\/portalcatolico.net\/portal\/wp-json\/wp\/v2\/posts\/50305\/revisions"}],"predecessor-version":[{"id":50307,"href":"http:\/\/portalcatolico.net\/portal\/wp-json\/wp\/v2\/posts\/50305\/revisions\/50307"}],"wp:featuredmedia":[{"embeddable":true,"href":"http:\/\/portalcatolico.net\/portal\/wp-json\/wp\/v2\/media\/50306"}],"wp:attachment":[{"href":"http:\/\/portalcatolico.net\/portal\/wp-json\/wp\/v2\/media?parent=50305"}],"wp:term":[{"taxonomy":"category","embeddable":true,"href":"http:\/\/portalcatolico.net\/portal\/wp-json\/wp\/v2\/categories?post=50305"},{"taxonomy":"post_tag","embeddable":true,"href":"http:\/\/portalcatolico.net\/portal\/wp-json\/wp\/v2\/tags?post=50305"}],"curies":[{"name":"wp","href":"https:\/\/api.w.org\/{rel}","templated":true}]}}