{"id":50302,"date":"2018-02-09T05:33:40","date_gmt":"2018-02-09T08:33:40","guid":{"rendered":"http:\/\/portalcatolico.net\/portal\/?p=50302"},"modified":"2018-02-09T05:33:41","modified_gmt":"2018-02-09T08:33:41","slug":"a-igreja-nao-deve-renunciar-a-propor-o-ideal-pleno-do-matrimonio-defende-patriarca-de-lisboa","status":"publish","type":"post","link":"http:\/\/portalcatolico.net\/portal\/a-igreja-nao-deve-renunciar-a-propor-o-ideal-pleno-do-matrimonio-defende-patriarca-de-lisboa\/","title":{"rendered":"A Igreja n\u00e3o deve renunciar a propor o ideal pleno do matrim\u00f4nio, defende Patriarca de Lisboa"},"content":{"rendered":"<p>Buscando evitar uma interpreta\u00e7\u00e3o tendenciosa da exorta\u00e7\u00e3o Amoris Laetitia, o Cardeal Patriarca de Lisboa, Dom Manuel Clemente, asseverou que \u201cde modo algum, deve a\u00a0Igreja\u00a0renunciar a propor o ideal pleno do matrim\u00f4nio\u201d pedindo ao clero n\u00e3o deixar de propor a contin\u00eancia aos casais em segunda uni\u00e3o lembrando que a reintegra\u00e7\u00e3o dos mesmos n\u00e3o \u201cacaba necessariamente nos\u00a0sacramentos\u201d.<\/p>\n<p>No \u00faltimo 6 de fevereiro, no marco da Reuni\u00e3o de Vig\u00e1rios do Patriarcado, Dom Manuel Clemente, publicou uma \u201cNota para a recep\u00e7\u00e3o do cap\u00edtulo VIII da exorta\u00e7\u00e3o apost\u00f3lica \u2018Amoris Laetitia\u2019\u201d, na qual indica seis \u201cal\u00edneas operativas\u201d para o acompanhamento de casais divorciados que est\u00e3o em segunda uni\u00e3o dirigido ao clero de Lisboa.<\/p>\n<p>Com esta nota, o Prelado deseja atender ao que o Papa Francisco orientou a respeito do acompanhamento de casais em situa\u00e7\u00e3o chamadas \u201cirregulares\u201d, em Amoris Laetitia.<\/p>\n<p>No cap\u00edtulo VIII da exorta\u00e7\u00e3o apost\u00f3lica, o Pont\u00edfice declara que \u201cos sacerdotes t\u00eam o dever de acompanhar as pessoas interessadas pelo caminho do discernimento segundo a doutrina da Igreja e as orienta\u00e7\u00f5es do bispo\u201d.<\/p>\n<p>O Patriarca, ent\u00e3o, orienta no documento a \u201cacompanhar e integrar as pessoas na\u00a0vida\u00a0comunit\u00e1ria, na sequ\u00eancia das exorta\u00e7\u00f5es apost\u00f3licas p\u00f3s-sinodais Familiaris Consortio\u201d de S\u00e3o Jo\u00e3o Paulo II, \u201cSacramentum Caritatis\u201d, de\u00a0Bento XVI, e \u201cAmoris Laetitia\u201d, do Papa Francisco.<\/p>\n<p>Al\u00e9m disso, solicita que se verifique \u201catentamente a especificidade de cada caso\u201d e que n\u00e3o se omita \u201ca apresenta\u00e7\u00e3o ao tribunal diocesano, quando haja d\u00favida sobre a validade do matrim\u00f4nio\u201d.<\/p>\n<p>\u201cQuando a validade se confirma, n\u00e3o deixar de propor a vida em contin\u00eancia na nova situa\u00e7\u00e3o\u201d, pontua Dom Clemente.<\/p>\n<p>Pede ainda que se atenda \u201c\u00e0s circunst\u00e2ncias excepcionais e \u00e0 possibilidade sacramental, em conformidade com a exorta\u00e7\u00e3o apost\u00f3lica e os documentos acima citados\u201d, bem como que se continue \u201co discernimento, adequando sempre mais a pr\u00e1tica ao ideal matrimonial crist\u00e3o e \u00e0 maior coer\u00eancia sacramental\u201d.<\/p>\n<p>Em sua nota, publicada no site do Patriarcado de Lisboa, Dom Clemente recorreu a tr\u00eas documentos desenvolv\u00ea-la, entre os quais a pr\u00f3pria \u201cAmoris Laetitia, a correspond\u00eancia entre os\u00a0Bispos\u00a0da Regi\u00e3o Pastoral de Buenos Aires e o Papa Francisco e as indica\u00e7\u00f5es dadas aos sacerdotes da Diocese do Papa (Roma) pelo seu cardeal-vig\u00e1rio\u201d, Agostino Vallini.<\/p>\n<p>Nesse sentido, ao propor o acompanhamento de cada caso, o Prelado cita a exorta\u00e7\u00e3o Amoris Laetitia para explicar que \u201ceste discernimento n\u00e3o poder\u00e1 jamais prescindir das exig\u00eancias evang\u00e9licas de verdade e caridade propostas pela Igreja. Para que isto aconte\u00e7a, devem garantir-se as necess\u00e1rias condi\u00e7\u00f5es de humildade, privacidade, amor \u00e0 Igreja e \u00e0 sua doutrina, na busca da vontade de Deus e no desejo de chegar a uma resposta mais perfeita \u00e0 mesma\u201d.<\/p>\n<p>Dom Clemente cita ainda a nota de rodap\u00e9 351 da exorta\u00e7\u00e3o apost\u00f3lica do Papa Francisco, na qual se afirma que, \u201cem certos casos, poderia haver tamb\u00e9m a ajuda dos sacramentos\u201d.<\/p>\n<p>\u201cReparemos \u2013 ressalta o Patriarca \u2013 no car\u00e1ter restrito (em certos casos) e condicional (poderia) da frase\u201d.<\/p>\n<p>Por isso, referindo-se ainda ao documento do Papa Francisco, insiste que, \u201cpara evitar qualquer interpreta\u00e7\u00e3o tendenciosa\u201d, \u201cde modo algum, deve a Igreja renunciar a propor o ideal pleno do matrim\u00f4nio, o projeto de Deus em toda a sua grandeza\u201d.<\/p>\n<p>Finalmente, o purpurado expressa que a reintegra\u00e7\u00e3o dos casais em situa\u00e7\u00e3o irregular &#8220;n\u00e3o acaba necessariamente nos sacramentos&#8221;, afirmando que os mesmos est\u00e3o convidados ao envolvimento na comunidade e em grupos de ora\u00e7\u00e3o assim como ao compromisso nos diversos servi\u00e7os eclesiais.(ACI Digital)<\/p>\n<p>Para ler a nota do Patriarca na \u00edntegra, acesse:\u00a0<a href=\"http:\/\/www.patriarcado-lisboa.pt\/site\/index.php?id=8626\">http:\/\/www.patriarcado-lisboa.pt\/site\/index.php?id=8626<\/a><\/p>\n<p>Dom Manuel Clemente \/ Foto: Twitter D.Manuel Clemente<\/p>\n<p>&nbsp;<\/p>\n","protected":false},"excerpt":{"rendered":"<p>Buscando evitar uma interpreta\u00e7\u00e3o tendenciosa da exorta\u00e7\u00e3o Amoris Laetitia, o Cardeal Patriarca de Lisboa, Dom Manuel Clemente, asseverou que \u201cde modo algum, deve a\u00a0Igreja\u00a0renunciar a propor o ideal pleno do matrim\u00f4nio\u201d pedindo ao clero n\u00e3o deixar de propor a contin\u00eancia aos casais em segunda uni\u00e3o lembrando que a reintegra\u00e7\u00e3o dos mesmos n\u00e3o \u201cacaba necessariamente nos\u00a0sacramentos\u201d.&nbsp;<\/p>\n<p><a class=\"btn btn-style\" href=\"http:\/\/portalcatolico.net\/portal\/a-igreja-nao-deve-renunciar-a-propor-o-ideal-pleno-do-matrimonio-defende-patriarca-de-lisboa\/\">Continue Reading<\/a><\/p>\n","protected":false},"author":2,"featured_media":50303,"comment_status":"open","ping_status":"open","sticky":false,"template":"","format":"standard","meta":{"footnotes":""},"categories":[5],"tags":[],"class_list":["post-50302","post","type-post","status-publish","format-standard","has-post-thumbnail","hentry","category-igreja_no_mundo"],"_links":{"self":[{"href":"http:\/\/portalcatolico.net\/portal\/wp-json\/wp\/v2\/posts\/50302","targetHints":{"allow":["GET"]}}],"collection":[{"href":"http:\/\/portalcatolico.net\/portal\/wp-json\/wp\/v2\/posts"}],"about":[{"href":"http:\/\/portalcatolico.net\/portal\/wp-json\/wp\/v2\/types\/post"}],"author":[{"embeddable":true,"href":"http:\/\/portalcatolico.net\/portal\/wp-json\/wp\/v2\/users\/2"}],"replies":[{"embeddable":true,"href":"http:\/\/portalcatolico.net\/portal\/wp-json\/wp\/v2\/comments?post=50302"}],"version-history":[{"count":1,"href":"http:\/\/portalcatolico.net\/portal\/wp-json\/wp\/v2\/posts\/50302\/revisions"}],"predecessor-version":[{"id":50304,"href":"http:\/\/portalcatolico.net\/portal\/wp-json\/wp\/v2\/posts\/50302\/revisions\/50304"}],"wp:featuredmedia":[{"embeddable":true,"href":"http:\/\/portalcatolico.net\/portal\/wp-json\/wp\/v2\/media\/50303"}],"wp:attachment":[{"href":"http:\/\/portalcatolico.net\/portal\/wp-json\/wp\/v2\/media?parent=50302"}],"wp:term":[{"taxonomy":"category","embeddable":true,"href":"http:\/\/portalcatolico.net\/portal\/wp-json\/wp\/v2\/categories?post=50302"},{"taxonomy":"post_tag","embeddable":true,"href":"http:\/\/portalcatolico.net\/portal\/wp-json\/wp\/v2\/tags?post=50302"}],"curies":[{"name":"wp","href":"https:\/\/api.w.org\/{rel}","templated":true}]}}