{"id":50298,"date":"2018-02-08T23:25:44","date_gmt":"2018-02-09T02:25:44","guid":{"rendered":"http:\/\/portalcatolico.net\/portal\/?p=50298"},"modified":"2018-02-09T00:27:36","modified_gmt":"2018-02-09T03:27:36","slug":"padre-roque-assume-paroquia-em-jussari","status":"publish","type":"post","link":"http:\/\/portalcatolico.net\/portal\/padre-roque-assume-paroquia-em-jussari\/","title":{"rendered":"Padre Roque assume par\u00f3quia em Jussari"},"content":{"rendered":"<p><em>Padre Roque Alves tomou posse da Par\u00f3quia Senhor do Bonfim, em Jussari (BA), nesta quarta-feira (07). O Bispo Diocesano Dom Carlos Alberto dos Santos presidiu a santa missa de posse can\u00f4nica, que teve in\u00edcio \u00e0s 19h, e foi concelebrada por\u00a0 v\u00e1rios sacerdotes, di\u00e1conos e seminaristas, vocacionados.<\/em><\/p>\n<p><em>Conforme o ritual de posse, foi lido o teor da provis\u00e3o, conforme os c\u00e2nones da Igreja cat\u00f3lica apost\u00f3lica romana, pelo chanceler provis\u00f3rio da Diocese de Itabuna, o padre Manoel Cardoso Filho.<\/em><\/p>\n<p><em>Houve a entrega do Evangeli\u00e1rio pelo Bispo Dom Carlos Alberto, para que este proclamasse o Evangelho do dia.<\/em><\/p>\n<p><em>\u201cO Padre Roque veio para colaborar, incentivar, cuidar e estar ao lado de voc\u00eas\u201d, declarou o bispo.<\/em><\/p>\n<p><em>Em seguida, teve a profiss\u00e3o de f\u00e9 e o juramento de fidelidade. Na celebra\u00e7\u00e3o, o bispo entregou tamb\u00e9m ao novo p\u00e1roco \u00a0paroquial, os sinais que fazem parte do Minist\u00e9rio: a B\u00edblia Sagrada, as chaves da Igreja e a chave do Sacr\u00e1rio e fez uma breve adora\u00e7\u00e3o e a estola roxa. \u00a0<\/em><\/p>\n<p><em>Na oportunidade, o p\u00e1roco empossado demonstrou gratid\u00e3o a Deus por esta nova miss\u00e3o: \u201c(&#8230;)Estou aqui por Deus me enviou. Ent\u00e3o, quero dizer pra ele, para o Senhor da Vida:\u00a0estou aqui para fazer a Tua vontade.\u201d, disse Padre Roque.<\/em><\/p>\n<p><em>Estiveram presentes na ocasi\u00e3o,\u00a0\u00a0in\u00fameros irm\u00e3os de par\u00f3quias de cidades circunvizinhas, as quais o Padre Roque Alves evangelizou no per\u00edodo de 11 anos e tr\u00eas meses, como por exemplo, a par\u00f3quia Santa Maria Madalena, do bairro Nova \u00a0Itabuna, em\u00a0Itabuna.<\/em><\/p>\n<p><em>Edi\u00e7\u00e3o de texto: Anara Passos\u00a0(Comunic\u00f3loga- DRT 7574)<\/em><\/p>\n<p>Confira essas e muitos mais fotos clicando <a href=\"http:\/\/www.facebook.com\/portalcatolicooficial\"><span style=\"color: #0000ff;\">AQUI<\/span><\/a><\/p>\n<p><em>\u00a0<\/em><\/p>\n","protected":false},"excerpt":{"rendered":"<p>Padre Roque Alves tomou posse da Par\u00f3quia Senhor do Bonfim, em Jussari (BA), nesta quarta-feira (07). O Bispo Diocesano Dom Carlos Alberto dos Santos presidiu a santa missa de posse can\u00f4nica, que teve in\u00edcio \u00e0s 19h, e foi concelebrada por\u00a0 v\u00e1rios sacerdotes, di\u00e1conos e seminaristas, vocacionados. Conforme o ritual de posse, foi lido o teor&nbsp;<\/p>\n<p><a class=\"btn btn-style\" href=\"http:\/\/portalcatolico.net\/portal\/padre-roque-assume-paroquia-em-jussari\/\">Continue Reading<\/a><\/p>\n","protected":false},"author":2,"featured_media":50299,"comment_status":"open","ping_status":"open","sticky":false,"template":"","format":"standard","meta":{"footnotes":""},"categories":[68],"tags":[],"class_list":["post-50298","post","type-post","status-publish","format-standard","has-post-thumbnail","hentry","category-homilias"],"_links":{"self":[{"href":"http:\/\/portalcatolico.net\/portal\/wp-json\/wp\/v2\/posts\/50298","targetHints":{"allow":["GET"]}}],"collection":[{"href":"http:\/\/portalcatolico.net\/portal\/wp-json\/wp\/v2\/posts"}],"about":[{"href":"http:\/\/portalcatolico.net\/portal\/wp-json\/wp\/v2\/types\/post"}],"author":[{"embeddable":true,"href":"http:\/\/portalcatolico.net\/portal\/wp-json\/wp\/v2\/users\/2"}],"replies":[{"embeddable":true,"href":"http:\/\/portalcatolico.net\/portal\/wp-json\/wp\/v2\/comments?post=50298"}],"version-history":[{"count":2,"href":"http:\/\/portalcatolico.net\/portal\/wp-json\/wp\/v2\/posts\/50298\/revisions"}],"predecessor-version":[{"id":50301,"href":"http:\/\/portalcatolico.net\/portal\/wp-json\/wp\/v2\/posts\/50298\/revisions\/50301"}],"wp:featuredmedia":[{"embeddable":true,"href":"http:\/\/portalcatolico.net\/portal\/wp-json\/wp\/v2\/media\/50299"}],"wp:attachment":[{"href":"http:\/\/portalcatolico.net\/portal\/wp-json\/wp\/v2\/media?parent=50298"}],"wp:term":[{"taxonomy":"category","embeddable":true,"href":"http:\/\/portalcatolico.net\/portal\/wp-json\/wp\/v2\/categories?post=50298"},{"taxonomy":"post_tag","embeddable":true,"href":"http:\/\/portalcatolico.net\/portal\/wp-json\/wp\/v2\/tags?post=50298"}],"curies":[{"name":"wp","href":"https:\/\/api.w.org\/{rel}","templated":true}]}}