{"id":50169,"date":"2018-02-08T05:45:26","date_gmt":"2018-02-08T08:45:26","guid":{"rendered":"http:\/\/portalcatolico.net\/portal\/?p=50169"},"modified":"2018-02-08T05:45:26","modified_gmt":"2018-02-08T08:45:26","slug":"papa-homilias-breves-e-bem-preparadas","status":"publish","type":"post","link":"http:\/\/portalcatolico.net\/portal\/papa-homilias-breves-e-bem-preparadas\/","title":{"rendered":"Papa: homilias breves e bem preparadas"},"content":{"rendered":"<h3 class=\"article__subTitle\">Na catequese da Audi\u00eancia Geral desta quarta-feira, o Papa Francisco recomendou que as homilias das Missa sejam breves, bem preparadas &#8211; com a ora\u00e7\u00e3o &#8211; e que n\u00e3o tenham mais de 10 minutos.<\/h3>\n<h3 class=\"title__separator\"><\/h3>\n<h3 class=\"title__separator\">Dando continuidade a sua s\u00e9rie de catequeses sobre a Santa Missa, o Papa Francisco falou na Audi\u00eancia Geral desta quarta-feira sobre \u201co Evangelho e a homilia\u201d, ressaltando que a homilia n\u00e3o deve ter mais de dez minutos.<\/h3>\n<div class=\"article__text\">\n<h3>O di\u00e1logo entre Deus e o seu povo, que tem lugar na Liturgia da Palavra, alcan\u00e7a a sua plenitude na proclama\u00e7\u00e3o do Evangelho, que \u00e9 precedida pelo canto do Aleluia ou, na Quaresma, por outra aclama\u00e7\u00e3o, na qual \u201ca assembleia dos fi\u00e9is acolhe e sa\u00fada o Senhor que est\u00e1 para falar no Evangelho\u201d.<\/h3>\n<h3>O Evangelho, de fato, \u00e9 a luz que ajuda a entender o sentido dos demais textos b\u00edblicos proclamados na Missa, explicou o Papa; por isso \u00e9 objeto de uma venera\u00e7\u00e3o particular: somente um ministro ordenado pode proclam\u00e1-lo, que ao final beija o livro.<\/h3>\n<h3>\u201c<i>Os fi\u00e9is ficam de p\u00e9 para escut\u00e1-lo e fazem o sinal da cruz na testa, na boca e no peito. As velas e o incenso honram Cristo que, mediante a leitura evang\u00e9lica, faz ressoar a sua eficaz palavra<\/i>\u201d.<\/h3>\n<h3>Precisamente deste sinais \u201ca assembleia reconhece a presen\u00e7a de Cristo que dirige a \u201cboa nova\u201d que converte e transforma\u201d.<\/h3>\n<h3>\u00a0\u201c\u00c9 um discurso direto aquele que acontece\u201d como comprovam as aclama\u00e7\u00f5es com que se responde \u00e0 proclama\u00e7\u00e3o: \u201cGra\u00e7as a Deus\u201d e \u201cGl\u00f3ria a v\u00f3s Senhor\u201d.<\/h3>\n<h3>\u201c<i>N\u00f3s nos levantamos para ouvir o Evangelho, mas \u00e9 Cristo que nos fala ali. E por isto n\u00f3s estamos atentos, porque \u00e9 uma conversa direta. \u00c9 o Senhor que nos fala\u201d:<\/i><\/h3>\n<h3>\u201c<i>Portanto, na Missa n\u00e3o lemos o Evangelho \u00a0&#8211; estejam atentos a isto &#8211; para saber como foram as coisas, mas ouvimos o Evangelho para tomar consci\u00eancia que aquilo que Jesus fez e disse uma vez, e aquela Palavra \u00e9 viva, a Palavra de Jesus que est\u00e1 nos Evangelhos \u00e9 viva e chega ao meu cora\u00e7\u00e3o. Por isto escutar o Evangelho \u00e9 t\u00e3o importante, com o cora\u00e7\u00e3o aberto, porque \u00e9 Palavra viva\u201d<\/i>.<\/h3>\n<h3>Como dizia Santo Agostinho,\u00a0 \u201ca boca de Cristo \u00e9 o Evangelho &#8211; \u201cbonita imagem!\u201d &#8211; Ele reina no c\u00e9u, mas n\u00e3o deixa de falar na terra\u201d.<\/h3>\n<h3>\u201cSe \u00e9 verdade que na Liturgia \u201cCristo anuncia ainda o Evangelho, ent\u00e3o, participando da Missa, devemos dar uma resposta. N\u00f3s ouvimos o Evangelho e devemos dar uma resposta na nossa vida\u201d.<\/h3>\n<h3><b>A homilia<\/b><\/h3>\n<h3>\u00a0E, para fazer chegar a sua mensagem ao seu povo, Cristo tamb\u00e9m se serve da palavra do sacerdote durante a homilia:<\/h3>\n<h3>\u201c<i>Vivamente recomendada desde o Conc\u00edlio Vaticano II como parte da pr\u00f3pria Liturgia, a homilia est\u00e1 longe de ser um discurso de circunst\u00e2ncia, tampouco uma catequese como esta que estou fazendo agora, nem uma confer\u00eancia, nem mesmo uma aula. A homilia \u00e9 outra coisa. O que \u00e9 a homilia?<\/i>\u201d:<\/h3>\n<h3>\u00c9\u00a0 \u201cretomar aquele di\u00e1logo que j\u00e1 est\u00e1 aberto entre o Senhor e seu povo, para que encontre cumprimento na vida. A exegese aut\u00eantica do Evangelho \u00e9 a nossa vida santa!\u201d.<\/h3>\n<h3>Neste sentido o Papa recordou o que havia dito na \u00faltima catequese, de que \u201ca Palavra do Senhor entra pelos ouvidos, chega ao cora\u00e7\u00e3o e vai at\u00e9 as m\u00e3os, \u00e0s boas obras. E tamb\u00e9m a homilia segue a Palavra do Senhor e tamb\u00e9m faz este percurso para nos ajudar para que a Palavra do Senhor chegue \u00e0s m\u00e3os, passando pelo cora\u00e7\u00e3o\u201d.<\/h3>\n<h3>\u201c<i>Eu j\u00e1 tratei do tema da homilia na Exorta\u00e7\u00e3o Evangelii Gaudium, onde recordava que o contexto lit\u00fargico \u201cexige que a prega\u00e7\u00e3o oriente a assembleia, e tamb\u00e9m o pregador, para uma comunh\u00e3o com Cristo na Eucaristia que transforme a vid<\/i>a\u201d:<\/h3>\n<h3>\u201c<i>Quem profere a homilia deve realizar bem o seu minist\u00e9rio. Aquele que prega, o sacerdote, o di\u00e1cono, o bispo, oferecendo um real servi\u00e7o a quem participa da Missa, mas tamb\u00e9m aqueles que ouvem devem fazer a sua parte. Antes de tudo prestando a devida aten\u00e7\u00e3o, assumindo, isto \u00e9,\u00a0 as justas disposi\u00e7\u00f5es interiores, sem pretens\u00f5es subjetivas, sabendo que cada pregador tem m\u00e9ritos e limites<\/i>\u201d.<\/h3>\n<h3>\u201cSe \u00e0s vezes existem motivos para chatear-se pela homilia longa ou n\u00e3o focada ou incompreens\u00edvel, outras vezes \u00e9, pelo contr\u00e1rio, o preconceito a ser o obst\u00e1culo\u201d.<\/h3>\n<h3>O Papa observou que quem faz a homilia, \u201cdeve estar consciente de que n\u00e3o est\u00e1 fazendo uma coisa pr\u00f3pria, est\u00e1 pregando, dando voz a Jesus. Est\u00e1 pregando a Palavra de Jesus\u201d:<\/h3>\n<h3>\u201c<i>E a homilia deve ser bem preparada, deve ser breve, breve! Um sacerdote me dizia que uma vez havia ido a outra cidade onde viviam os pais. E seu pai lhe disse: Sabes, estou contente, porque com os meus amigos encontramos uma igreja onde tem Missa sem homilia!<\/i>\u201d.<\/h3>\n<h3>\u201cE quantas vezes &#8211; observou Francisco \u2013 n\u00f3s vemos que na homilia alguns dormem, outros conversam ou saem para fumar um cigarro. Por isto, por favor, que seja breve a homilia, mas que seja bem preparada\u201d.<\/h3>\n<h3>\u201cE como se prepara uma homilia, queridos sacerdotes, di\u00e1conos, bispos? Como se prepara?\u201d, pergunta o Papa.<\/h3>\n<h3>\u201c<i>Com a ora\u00e7\u00e3o, com o estudo da Palavra de Deus e fazendo uma s\u00edntese clara e breve, n\u00e3o deve ir al\u00e9m de 10 minutos, por favor<\/i>\u201d.<\/h3>\n<h3>Ao concluir, o Papa recordou que na Liturgia da Palavra, por meio do Evangelho e da homilia, Deus dialoga com o seu povo, que o escuta com aten\u00e7\u00e3o e venera\u00e7\u00e3o e, ao mesmo tempo, o reconhece presente e operante.<\/h3>\n<h3>Assim, se nos colocamos na escuta da \u201cboa not\u00edcia\u201d, por ela seremos convertidos\u00a0 e transformados, portanto, capazes de mudar n\u00f3s mesmos e o mundo. Por que? Porque a Boa Nova, a Palavra de Deus entra pelos ouvidos, vai ao cora\u00e7\u00e3o e chega \u00e1s m\u00e3os para fazer as boas obras\u201d.<\/h3>\n<h3><b>Sauda\u00e7\u00e3o aos peregrinos brasileiros<\/b><\/h3>\n<h3>\u00a0Ao final, o Papa Francisco saudou os peregrinos de l\u00edngua portuguesa presentes na Sala Paulo VI, em particular os seminaristas da Administra\u00e7\u00e3o Apost\u00f3lica S\u00e3o Jo\u00e3o Maria Vianney, acompanhados pelo seu Bispo, Dom Ar\u00eaas Rifan.<\/h3>\n<h3>\u201c<i>Queridos amigos, na prepara\u00e7\u00e3o de voc\u00eas para o Minist\u00e9rio Ordenado, de bom grado fa\u00e7am da B\u00edblia o alimento di\u00e1rio do di\u00e1logo de voc\u00eas com o Senhor, para que, quando forem enviados a proclamar esta Palavra divina, as pessoas encontrem na vida de voc\u00eas o testemunho mais eloquente da sua efic\u00e1cia. Obrigado pela visita e rezem por mim\u201d<\/i>.<\/h3>\n<p>Fonte:Vaticannews<\/p>\n<\/div>\n","protected":false},"excerpt":{"rendered":"<p>Na catequese da Audi\u00eancia Geral desta quarta-feira, o Papa Francisco recomendou que as homilias das Missa sejam breves, bem preparadas &#8211; com a ora\u00e7\u00e3o &#8211; e que n\u00e3o tenham mais de 10 minutos. Dando continuidade a sua s\u00e9rie de catequeses sobre a Santa Missa, o Papa Francisco falou na Audi\u00eancia Geral desta quarta-feira sobre \u201co&nbsp;<\/p>\n<p><a class=\"btn btn-style\" href=\"http:\/\/portalcatolico.net\/portal\/papa-homilias-breves-e-bem-preparadas\/\">Continue Reading<\/a><\/p>\n","protected":false},"author":2,"featured_media":50170,"comment_status":"open","ping_status":"open","sticky":false,"template":"","format":"standard","meta":{"footnotes":""},"categories":[5],"tags":[],"class_list":["post-50169","post","type-post","status-publish","format-standard","has-post-thumbnail","hentry","category-igreja_no_mundo"],"_links":{"self":[{"href":"http:\/\/portalcatolico.net\/portal\/wp-json\/wp\/v2\/posts\/50169","targetHints":{"allow":["GET"]}}],"collection":[{"href":"http:\/\/portalcatolico.net\/portal\/wp-json\/wp\/v2\/posts"}],"about":[{"href":"http:\/\/portalcatolico.net\/portal\/wp-json\/wp\/v2\/types\/post"}],"author":[{"embeddable":true,"href":"http:\/\/portalcatolico.net\/portal\/wp-json\/wp\/v2\/users\/2"}],"replies":[{"embeddable":true,"href":"http:\/\/portalcatolico.net\/portal\/wp-json\/wp\/v2\/comments?post=50169"}],"version-history":[{"count":1,"href":"http:\/\/portalcatolico.net\/portal\/wp-json\/wp\/v2\/posts\/50169\/revisions"}],"predecessor-version":[{"id":50171,"href":"http:\/\/portalcatolico.net\/portal\/wp-json\/wp\/v2\/posts\/50169\/revisions\/50171"}],"wp:featuredmedia":[{"embeddable":true,"href":"http:\/\/portalcatolico.net\/portal\/wp-json\/wp\/v2\/media\/50170"}],"wp:attachment":[{"href":"http:\/\/portalcatolico.net\/portal\/wp-json\/wp\/v2\/media?parent=50169"}],"wp:term":[{"taxonomy":"category","embeddable":true,"href":"http:\/\/portalcatolico.net\/portal\/wp-json\/wp\/v2\/categories?post=50169"},{"taxonomy":"post_tag","embeddable":true,"href":"http:\/\/portalcatolico.net\/portal\/wp-json\/wp\/v2\/tags?post=50169"}],"curies":[{"name":"wp","href":"https:\/\/api.w.org\/{rel}","templated":true}]}}