{"id":50165,"date":"2018-02-08T00:01:37","date_gmt":"2018-02-08T03:01:37","guid":{"rendered":"http:\/\/portalcatolico.net\/portal\/?p=50165"},"modified":"2018-02-08T00:01:37","modified_gmt":"2018-02-08T03:01:37","slug":"como-sera-o-rito-da-posse-de-dom-jailton","status":"publish","type":"post","link":"http:\/\/portalcatolico.net\/portal\/como-sera-o-rito-da-posse-de-dom-jailton\/","title":{"rendered":"Como Ser\u00e1 o Rito da Posse de Dom Jailton?"},"content":{"rendered":"<p>Na pr\u00f3xima sexta-feira, 9 de fevereiro, \u00e0s 19h, na Catedral S\u00e3o Pedro, o novo Bispo da Diocese Teixeira de Freitas\/Caravelas tomar\u00e1 posse oficialmente do cargo atrav\u00e9s de um rito de posse can\u00f4nica espec\u00edfico da Igreja Cat\u00f3lica. A celebra\u00e7\u00e3o eucar\u00edstica ser\u00e1 presidida por Dom Jailton de Oliveira Lino, mas antes ele ir\u00e1 receber o B\u00e1culo, o cajado, s\u00edmbolo do Bom Pastor, que \u00e9 utilizado por Bispos, Arcebispos e pelo Papa.<\/p>\n<p>No primeiro momento, Dom Jailton ser\u00e1 recebido e beijar\u00e1 a Cruz de Nosso Senhor Jesus Cristo, em sinal de sua entrega \u00e0 Igreja de Teixeira de Freitas\/Caravelas. Ele ingressa na Catedral S\u00e3o Pedro aspergindo o povo, e dirige-se\u00a0 \u00e0 Capela do Sant\u00edssimo Sacramento, onde permanecer\u00e1 por alguns instantes em adora\u00e7\u00e3o. Em seguida, faz a venera\u00e7\u00e3o a imagem do ap\u00f3stolo S\u00e3o Pedro, padroeiro da Diocese.<\/p>\n<p>Dom Murilo, Arcebispo da Arquidiocese de S\u00e3o Salvador e nosso Metropolita, d\u00e1 in\u00edcio \u00e0 celebra\u00e7\u00e3o, convidando Padre Roberto, chanceler da C\u00faria, a fazer a leitura da Bula Pontif\u00edcia. Ap\u00f3s esse momento, Dom Murilo entrega a Dom Jailton o B\u00e1culo da diocese e o convida para sentar-se na C\u00e1tedra (cadeira de onde presidir\u00e1 a diocese). Padre Ronaldo Cardoso falar\u00e1 em nome do Clero da Diocese, cumprimentando o Bispo em sinal de obedi\u00eancia e respeito. Esse ser\u00e1 o momento em que todos os presb\u00edteros, di\u00e1conos, seminaristas, religiosos(as) representando cada ordem ou instituto e um leigo representando a todos, saudar\u00e3o o novo Bispo.<\/p>\n<p>Ap\u00f3s a sauda\u00e7\u00e3o de todos, Dom Jailton sa\u00fada o Clero, beija o anel, retira a Mitra e dep\u00f5e o B\u00e1culo. A partir da\u00ed, ele dar\u00e1 seguimento \u00e0 celebra\u00e7\u00e3o, com todos os ritos tradicionais da Santa Missa. Ao final, haver\u00e1 a leitura da Ata de Posse.<\/p>\n<p>A celebra\u00e7\u00e3o ser\u00e1 acompanhada por milhares de pessoas na Catedral S\u00e3o Pedro em Teixeira de Freitas e poder\u00e1 ser assistida ao vivo pelo site da diocese (<a href=\"http:\/\/www.dioceseteixeiradefreitas.com.br\/\">www.dioceseteixeiradefreitas.com.br<\/a>).<\/p>\n<p>Fonte e texto: PASCOM-Diocese de Teixeira de Freitas\/Caravelas.<\/p>\n","protected":false},"excerpt":{"rendered":"<p>Na pr\u00f3xima sexta-feira, 9 de fevereiro, \u00e0s 19h, na Catedral S\u00e3o Pedro, o novo Bispo da Diocese Teixeira de Freitas\/Caravelas tomar\u00e1 posse oficialmente do cargo atrav\u00e9s de um rito de posse can\u00f4nica espec\u00edfico da Igreja Cat\u00f3lica. A celebra\u00e7\u00e3o eucar\u00edstica ser\u00e1 presidida por Dom Jailton de Oliveira Lino, mas antes ele ir\u00e1 receber o B\u00e1culo, o&nbsp;<\/p>\n<p><a class=\"btn btn-style\" href=\"http:\/\/portalcatolico.net\/portal\/como-sera-o-rito-da-posse-de-dom-jailton\/\">Continue Reading<\/a><\/p>\n","protected":false},"author":2,"featured_media":50166,"comment_status":"open","ping_status":"open","sticky":false,"template":"","format":"standard","meta":{"footnotes":""},"categories":[1],"tags":[],"class_list":["post-50165","post","type-post","status-publish","format-standard","has-post-thumbnail","hentry","category-agenda"],"_links":{"self":[{"href":"http:\/\/portalcatolico.net\/portal\/wp-json\/wp\/v2\/posts\/50165","targetHints":{"allow":["GET"]}}],"collection":[{"href":"http:\/\/portalcatolico.net\/portal\/wp-json\/wp\/v2\/posts"}],"about":[{"href":"http:\/\/portalcatolico.net\/portal\/wp-json\/wp\/v2\/types\/post"}],"author":[{"embeddable":true,"href":"http:\/\/portalcatolico.net\/portal\/wp-json\/wp\/v2\/users\/2"}],"replies":[{"embeddable":true,"href":"http:\/\/portalcatolico.net\/portal\/wp-json\/wp\/v2\/comments?post=50165"}],"version-history":[{"count":1,"href":"http:\/\/portalcatolico.net\/portal\/wp-json\/wp\/v2\/posts\/50165\/revisions"}],"predecessor-version":[{"id":50167,"href":"http:\/\/portalcatolico.net\/portal\/wp-json\/wp\/v2\/posts\/50165\/revisions\/50167"}],"wp:featuredmedia":[{"embeddable":true,"href":"http:\/\/portalcatolico.net\/portal\/wp-json\/wp\/v2\/media\/50166"}],"wp:attachment":[{"href":"http:\/\/portalcatolico.net\/portal\/wp-json\/wp\/v2\/media?parent=50165"}],"wp:term":[{"taxonomy":"category","embeddable":true,"href":"http:\/\/portalcatolico.net\/portal\/wp-json\/wp\/v2\/categories?post=50165"},{"taxonomy":"post_tag","embeddable":true,"href":"http:\/\/portalcatolico.net\/portal\/wp-json\/wp\/v2\/tags?post=50165"}],"curies":[{"name":"wp","href":"https:\/\/api.w.org\/{rel}","templated":true}]}}