{"id":50160,"date":"2018-02-07T16:40:40","date_gmt":"2018-02-07T19:40:40","guid":{"rendered":"http:\/\/portalcatolico.net\/portal\/?p=50160"},"modified":"2018-02-07T16:42:26","modified_gmt":"2018-02-07T19:42:26","slug":"padre-edinaldo-toma-posse-em-santa-cruz-da-vitoria","status":"publish","type":"post","link":"http:\/\/portalcatolico.net\/portal\/padre-edinaldo-toma-posse-em-santa-cruz-da-vitoria\/","title":{"rendered":"Padre Edinaldo toma posse em Santa Cruz da Vit\u00f3ria"},"content":{"rendered":"<p><em>Ap\u00f3s 11 anos como p\u00e1roco na Par\u00f3quia Senhor do Bonfim na cidade de Jussari (BA), o padre Edinaldo Martins dos Santos tomou posse da\u00a0\u00a0Par\u00f3quia Nossa Senhora das Vit\u00f3rias, no munic\u00edpio baiano de Santa Cruz da Vit\u00f3ria (BA).\u00a0E foi com muita alegria e festa que os paroquianos acolheram \u00a0o seu novo p\u00e1roco na igreja matriz., na noite desta ter\u00e7a-feira (06\/02).<\/em><\/p>\n<p><em>\u00a0A Solene Celebra\u00e7\u00e3o Eucar\u00edstica de Posse Can\u00f4nica aconteceu \u00e0s 19h e contou com a presen\u00e7a e presid\u00eancia do\u00a0 Bispo Diocesano Dom Carlos Alberto dos Santos, al\u00e9m de padres de diversas cidades da regi\u00e3o.<\/em><\/p>\n<p><em>Ap\u00f3s a sauda\u00e7\u00e3o inicial, o celebrante pediu que se procedesse a leitura da provis\u00e3o can\u00f4nica pelo Chanceler\u00a0provis\u00f3rio da Diocese de Itabuna, o Pe. Jos\u00e9 Roberto. Em seguida, padre Edinaldo Martins \u00a0assinou um documento no qual lhe nomeia como novo p\u00e1roco. A leitura do evangelho foi lida pelo padre empossado.\u00a0<\/em><\/p>\n<p><em>Na oportunidade, o padre Edinaldo Martins \u00a0recebeu das m\u00e3os do Senhor Bispo a chave da igreja, a chave do sacr\u00e1rio (um momento de Adora\u00e7\u00e3o aos p\u00e9s do Sant\u00edssimo Sacramento), o \u00f3leo dos catec\u00famenos, e a estola roxa (instrumento de uso cotidiano). \u00a0<\/em><\/p>\n<p><em>\u00a0<\/em><em>Edi\u00e7\u00e3o de texto: Anara Passos (Comunic\u00f3loga- DRT 7574)<\/em><\/p>\n<p>Confira essas e muitos mais fotos clicando <a href=\"http:\/\/www.facebook.com\/portalcatolicooficial\"><span style=\"color: #0000ff;\">AQUI<\/span><\/a><\/p>\n","protected":false},"excerpt":{"rendered":"<p>Ap\u00f3s 11 anos como p\u00e1roco na Par\u00f3quia Senhor do Bonfim na cidade de Jussari (BA), o padre Edinaldo Martins dos Santos tomou posse da\u00a0\u00a0Par\u00f3quia Nossa Senhora das Vit\u00f3rias, no munic\u00edpio baiano de Santa Cruz da Vit\u00f3ria (BA).\u00a0E foi com muita alegria e festa que os paroquianos acolheram \u00a0o seu novo p\u00e1roco na igreja matriz., na&nbsp;<\/p>\n<p><a class=\"btn btn-style\" href=\"http:\/\/portalcatolico.net\/portal\/padre-edinaldo-toma-posse-em-santa-cruz-da-vitoria\/\">Continue Reading<\/a><\/p>\n","protected":false},"author":2,"featured_media":50161,"comment_status":"open","ping_status":"open","sticky":false,"template":"","format":"standard","meta":{"footnotes":""},"categories":[4],"tags":[],"class_list":["post-50160","post","type-post","status-publish","format-standard","has-post-thumbnail","hentry","category-destaques"],"_links":{"self":[{"href":"http:\/\/portalcatolico.net\/portal\/wp-json\/wp\/v2\/posts\/50160","targetHints":{"allow":["GET"]}}],"collection":[{"href":"http:\/\/portalcatolico.net\/portal\/wp-json\/wp\/v2\/posts"}],"about":[{"href":"http:\/\/portalcatolico.net\/portal\/wp-json\/wp\/v2\/types\/post"}],"author":[{"embeddable":true,"href":"http:\/\/portalcatolico.net\/portal\/wp-json\/wp\/v2\/users\/2"}],"replies":[{"embeddable":true,"href":"http:\/\/portalcatolico.net\/portal\/wp-json\/wp\/v2\/comments?post=50160"}],"version-history":[{"count":3,"href":"http:\/\/portalcatolico.net\/portal\/wp-json\/wp\/v2\/posts\/50160\/revisions"}],"predecessor-version":[{"id":50164,"href":"http:\/\/portalcatolico.net\/portal\/wp-json\/wp\/v2\/posts\/50160\/revisions\/50164"}],"wp:featuredmedia":[{"embeddable":true,"href":"http:\/\/portalcatolico.net\/portal\/wp-json\/wp\/v2\/media\/50161"}],"wp:attachment":[{"href":"http:\/\/portalcatolico.net\/portal\/wp-json\/wp\/v2\/media?parent=50160"}],"wp:term":[{"taxonomy":"category","embeddable":true,"href":"http:\/\/portalcatolico.net\/portal\/wp-json\/wp\/v2\/categories?post=50160"},{"taxonomy":"post_tag","embeddable":true,"href":"http:\/\/portalcatolico.net\/portal\/wp-json\/wp\/v2\/tags?post=50160"}],"curies":[{"name":"wp","href":"https:\/\/api.w.org\/{rel}","templated":true}]}}