{"id":50156,"date":"2018-02-07T06:00:18","date_gmt":"2018-02-07T09:00:18","guid":{"rendered":"http:\/\/portalcatolico.net\/portal\/?p=50156"},"modified":"2018-02-07T06:00:18","modified_gmt":"2018-02-07T09:00:18","slug":"apos-restauracao-igreja-do-santissimo-sacramento-do-passo-foi-reaberta","status":"publish","type":"post","link":"http:\/\/portalcatolico.net\/portal\/apos-restauracao-igreja-do-santissimo-sacramento-do-passo-foi-reaberta\/","title":{"rendered":"Ap\u00f3s restaura\u00e7\u00e3o, Igreja do Sant\u00edssimo Sacramento do Passo foi reaberta"},"content":{"rendered":"<p>Ap\u00f3s 16 anos fechada e mais tr\u00eas anos e meio de um processo intenso de restaura\u00e7\u00e3o, a Igreja Sant\u00edssimo Sacramento da Rua do Passo foi reaberta nesta segunda-feira, dia 5 de fevereiro. Hoje, quem olha para o templo n\u00e3o imagina o trabalho complexo que envolveu diversos profissionais, com o objetivo de preserv\u00e1-lo.<\/p>\n<p>\u201cA restaura\u00e7\u00e3o desta Igreja \u00e9 tamb\u00e9m uma homenagem aos antepassados que, com tanto sacrif\u00edcio e tanta dedica\u00e7\u00e3o, constru\u00edram e nos deixaram essas igrejas como heran\u00e7a. N\u00f3s queremos agora cuidar delas, reconhecendo que muito devemos a quem nos antecedeu. Eles demonstraram que pela f\u00e9 foram capazes de uma obra assim e n\u00f3s, pela f\u00e9, queremos ser capazes de colocar uma igreja como essa a servi\u00e7o novamente da comunidade\u201d, afirmou o Arcebispo de Salvador e Primaz do Brasil, Dom Murilo Krieger.<\/p>\n<p>Localizada no Centro Hist\u00f3rico de Salvador, a Igreja do Passo\u00a0 ficou conhecida mundialmente ap\u00f3s ter as escadarias de acesso como o principal cen\u00e1rio do filme \u201cO Pagador de Promessas\u201d, gravado no ano de 1962. Para restaurar o templo, o Instituto do Patrim\u00f4nio Hist\u00f3rico e Art\u00edstico Nacional (IPHAN), por meio do PAC Cidades Hist\u00f3ricas, investiu 11 milh\u00f5es de reais. \u201cSalvador tem um patrim\u00f4nio art\u00edstico-religioso imenso. A comunidade de Salvador tem uma rela\u00e7\u00e3o profunda com essa Igreja, que foi marcada pelo filme. Ela \u00e9 uma igreja ic\u00f4nica, hist\u00f3rica\u201d, disse a presidente do IPHAN, K\u00e1tia Bog\u00e9a.<\/p>\n<p>Durante a cerim\u00f4nia de reabertura, moradores do entorno da Igreja aproveitaram para rever e tamb\u00e9m conhecer o templo constru\u00eddo em 1736. \u201cEstou agradecendo a Deus por essa oportunidade da restaura\u00e7\u00e3o, de mais um espa\u00e7o que abre as portas para os paroquianos e para todos os turistas que visitam Salvador, que tem um espa\u00e7o para rezar e tamb\u00e9m para fazer a visita, para conhecer o espa\u00e7o sagrado. A gente fica feliz em ver um templo como esse sendo restaurado\u201d, contou o di\u00e1cono Augusto C\u00e9sar, da Par\u00f3quia Santo Ant\u00f4nio Al\u00e9m do Carmo.<\/p>\n<p><strong>No Passo<\/strong><\/p>\n<div id=\"attachment_54313\" class=\"wp-caption alignright\"><a href=\"http:\/\/arquidiocesesalvador.org.br\/site\/wp-content\/uploads\/2018\/02\/Reabertura-da-Igreja-do-Passo-Fotos-Manoel-Eloy-30.jpg\"><img loading=\"lazy\" decoding=\"async\" class=\"size-medium wp-image-54313\" src=\"http:\/\/arquidiocesesalvador.org.br\/site\/wp-content\/uploads\/2018\/02\/Reabertura-da-Igreja-do-Passo-Fotos-Manoel-Eloy-30-300x200.jpg\" sizes=\"auto, (max-width: 300px) 100vw, 300px\" srcset=\"http:\/\/arquidiocesesalvador.org.br\/site\/wp-content\/uploads\/2018\/02\/Reabertura-da-Igreja-do-Passo-Fotos-Manoel-Eloy-30-300x200.jpg 300w, http:\/\/arquidiocesesalvador.org.br\/site\/wp-content\/uploads\/2018\/02\/Reabertura-da-Igreja-do-Passo-Fotos-Manoel-Eloy-30-451x301.jpg 451w, http:\/\/arquidiocesesalvador.org.br\/site\/wp-content\/uploads\/2018\/02\/Reabertura-da-Igreja-do-Passo-Fotos-Manoel-Eloy-30.jpg 640w\" alt=\"\" width=\"300\" height=\"200\" \/><\/a><\/p>\n<p class=\"wp-caption-text\">Sal\u00e3o Nobre recebeu o nome do Arcebispo Dom Murilo Krieger, SCJ<\/p>\n<\/div>\n<p>Para que a comunidade possa ter uma vida ativa, a Fraternidade Samaritanos Beneditinos, respons\u00e1vel pelo trabalho de evangeliza\u00e7\u00e3o da Igreja, est\u00e1 com uma s\u00e9rie de atividades. \u201cN\u00f3s teremos um trabalho com Missas, adora\u00e7\u00e3o ao Sant\u00edssimo Sacramento, catequese s\u00f3 para adultos e o trabalho tamb\u00e9m de Educa\u00e7\u00e3o Patrimonial e Preserva\u00e7\u00e3o do Patrim\u00f4nio, indo pelo turismo patrimonial, cultural e religioso\u201d, conta o fundador da Fraternidade, Irm\u00e3o Jorge Mendes.<\/p>\n<p>\u201c\u00c9 uma Igreja que vai servir \u00e0 comunidade. Claro, uma Igreja como essa, que \u00e9 toda ela riqu\u00edssima de obras art\u00edsticas, tem outra atra\u00e7\u00e3o: as pessoas v\u00eam aqui para admirar o belo e o belo \u00e9 Deus. Toda a beleza \u00e9 o reflexo da beleza de Deus\u201d, afirma Dom Murilo.<\/p>\n<p>\u201cEsta \u00e9 uma das igrejas mais bonitas de Salvador, com um car\u00e1ter afetivo muito grande para nossa cidade, al\u00e9m de tudo uma das mais procuradas e conhecidas. E depois de quase quatro anos de restaura\u00e7\u00e3o, se apresenta com essa beleza, com essa grandiosidade de que nos orgulha, nos enche de muita alegria. Al\u00e9m de tudo, \u00e9 importante para refor\u00e7ar o turismo religioso em Salvador, com consequ\u00eancias econ\u00f4micas para a nossa cidade. Enfim, est\u00e1 de parab\u00e9ns o IPHAN e a nossa Arquidiocese por essa grande obra\u201d, afirmou o prefeito de Salvador, ACM Neto.<\/p>\n<p>Logo ap\u00f3s a cerim\u00f4nia de reabertura, os participantes puderam conhecer todos os espa\u00e7os da Igreja que, a partir de agora, conta com equipamentos que ajudam na acessibilidade de deficientes f\u00edsicos, como elevadores. Foi tamb\u00e9m durante a visita \u00e0s instala\u00e7\u00f5es do templo que Dom Murilo ganhou um presente: o Sal\u00e3o Nobre da Igreja recebeu o nome do Arcebispo: Dom Murilo Sebasti\u00e3o Ramos Krieger, SCJ.<\/p>\n<p>Texto: Sara Gomes, com entrevistas realizadas por Manoel Eloy<\/p>\n<p>Fotos: Manoel Eloy \/ Pascom da Par\u00f3quia S\u00e3o Gon\u00e7alo do Retiro<\/p>\n<p>Informa\u00e7\u00f5es:Arquidiocese de Salvador<\/p>\n","protected":false},"excerpt":{"rendered":"<p>Ap\u00f3s 16 anos fechada e mais tr\u00eas anos e meio de um processo intenso de restaura\u00e7\u00e3o, a Igreja Sant\u00edssimo Sacramento da Rua do Passo foi reaberta nesta segunda-feira, dia 5 de fevereiro. Hoje, quem olha para o templo n\u00e3o imagina o trabalho complexo que envolveu diversos profissionais, com o objetivo de preserv\u00e1-lo. \u201cA restaura\u00e7\u00e3o desta&nbsp;<\/p>\n<p><a class=\"btn btn-style\" href=\"http:\/\/portalcatolico.net\/portal\/apos-restauracao-igreja-do-santissimo-sacramento-do-passo-foi-reaberta\/\">Continue Reading<\/a><\/p>\n","protected":false},"author":2,"featured_media":50157,"comment_status":"open","ping_status":"open","sticky":false,"template":"","format":"standard","meta":{"footnotes":""},"categories":[3],"tags":[],"class_list":["post-50156","post","type-post","status-publish","format-standard","has-post-thumbnail","hentry","category-noticias_regionais"],"_links":{"self":[{"href":"http:\/\/portalcatolico.net\/portal\/wp-json\/wp\/v2\/posts\/50156","targetHints":{"allow":["GET"]}}],"collection":[{"href":"http:\/\/portalcatolico.net\/portal\/wp-json\/wp\/v2\/posts"}],"about":[{"href":"http:\/\/portalcatolico.net\/portal\/wp-json\/wp\/v2\/types\/post"}],"author":[{"embeddable":true,"href":"http:\/\/portalcatolico.net\/portal\/wp-json\/wp\/v2\/users\/2"}],"replies":[{"embeddable":true,"href":"http:\/\/portalcatolico.net\/portal\/wp-json\/wp\/v2\/comments?post=50156"}],"version-history":[{"count":1,"href":"http:\/\/portalcatolico.net\/portal\/wp-json\/wp\/v2\/posts\/50156\/revisions"}],"predecessor-version":[{"id":50158,"href":"http:\/\/portalcatolico.net\/portal\/wp-json\/wp\/v2\/posts\/50156\/revisions\/50158"}],"wp:featuredmedia":[{"embeddable":true,"href":"http:\/\/portalcatolico.net\/portal\/wp-json\/wp\/v2\/media\/50157"}],"wp:attachment":[{"href":"http:\/\/portalcatolico.net\/portal\/wp-json\/wp\/v2\/media?parent=50156"}],"wp:term":[{"taxonomy":"category","embeddable":true,"href":"http:\/\/portalcatolico.net\/portal\/wp-json\/wp\/v2\/categories?post=50156"},{"taxonomy":"post_tag","embeddable":true,"href":"http:\/\/portalcatolico.net\/portal\/wp-json\/wp\/v2\/tags?post=50156"}],"curies":[{"name":"wp","href":"https:\/\/api.w.org\/{rel}","templated":true}]}}