{"id":50153,"date":"2018-02-06T13:37:09","date_gmt":"2018-02-06T16:37:09","guid":{"rendered":"http:\/\/portalcatolico.net\/portal\/?p=50153"},"modified":"2018-02-06T13:37:09","modified_gmt":"2018-02-06T16:37:09","slug":"paroco-celebra-aniversario-sacerdotal-e-se-despede-de-itabuna","status":"publish","type":"post","link":"http:\/\/portalcatolico.net\/portal\/paroco-celebra-aniversario-sacerdotal-e-se-despede-de-itabuna\/","title":{"rendered":"P\u00e1roco celebra anivers\u00e1rio sacerdotal e se despede de Itabuna"},"content":{"rendered":"<h3 style=\"font-weight: 400;\"><em><sub>O padre\u00a0Jos\u00e9 Alberto Fonseca Kruschewsky, p\u00e1roco da Par\u00f3quia Senhor do Bonfim, situada no bairro Jardim Primavera, em Itabuna (BA) celebra nesta ter\u00e7a-feira (06), 46 anos de ordena\u00e7\u00e3o sacerdotal. A missa em a\u00e7\u00e3o de gra\u00e7as pela data, acontecer\u00e1 \u00e1s 19h30 na igreja matriz. Ap\u00f3s a celebra\u00e7\u00e3o, ter\u00e1 uma homenagem ao sacerdote com uma recep\u00e7\u00e3o no col\u00e9gio CAIC, situada no mesmo bairro.<\/sub><\/em><\/h3>\n<h3 style=\"font-weight: 400;\"><em><sub>O clima tamb\u00e9m \u00e9 de despedida, pois, ap\u00f3s 13 anos \u00e0 frente da Par\u00f3quia Senhor do Bonfim, ele ser\u00e1 transferido para a Par\u00f3quia Senhora Sant\u00b4Ana, em Floresta Azul (BA).<\/sub><\/em><\/h3>\n<h3 style=\"font-weight: 400;\"><em><sub>A missa de envio acontecer\u00e1 dia 14 de fevereiro, \u00e0s 19h30 na Igreja matriz do Senhor do Bonfim.<\/sub><\/em><\/h3>\n<h3 style=\"font-weight: 400;\"><em><sub>A posse can\u00f4nica ser\u00e1 dia 17\/02.\u00a0\u00a0<\/sub><\/em><\/h3>\n<h3 style=\"font-weight: 400;\"><em><sub>O\u00a0Portal Cat\u00f3lico de Not\u00edcias deseja ao padre\u00a0Jos\u00e9 Alberto, os mais sinceros parab\u00e9ns e os votos de felicidades e perseveran\u00e7a para que esta nova caminhada seja repleta de luz e amor.<\/sub><\/em><\/h3>\n<h3 style=\"font-weight: 400;\">\u00a0Edi\u00e7\u00e3o: Anara Passos (Comunic\u00f3loga- DRT 7574)<\/h3>\n","protected":false},"excerpt":{"rendered":"<p>O padre\u00a0Jos\u00e9 Alberto Fonseca Kruschewsky, p\u00e1roco da Par\u00f3quia Senhor do Bonfim, situada no bairro Jardim Primavera, em Itabuna (BA) celebra nesta ter\u00e7a-feira (06), 46 anos de ordena\u00e7\u00e3o sacerdotal. A missa em a\u00e7\u00e3o de gra\u00e7as pela data, acontecer\u00e1 \u00e1s 19h30 na igreja matriz. Ap\u00f3s a celebra\u00e7\u00e3o, ter\u00e1 uma homenagem ao sacerdote com uma recep\u00e7\u00e3o no col\u00e9gio&nbsp;<\/p>\n<p><a class=\"btn btn-style\" href=\"http:\/\/portalcatolico.net\/portal\/paroco-celebra-aniversario-sacerdotal-e-se-despede-de-itabuna\/\">Continue Reading<\/a><\/p>\n","protected":false},"author":2,"featured_media":50154,"comment_status":"open","ping_status":"open","sticky":false,"template":"","format":"standard","meta":{"footnotes":""},"categories":[2],"tags":[],"class_list":["post-50153","post","type-post","status-publish","format-standard","has-post-thumbnail","hentry","category-eventos"],"_links":{"self":[{"href":"http:\/\/portalcatolico.net\/portal\/wp-json\/wp\/v2\/posts\/50153","targetHints":{"allow":["GET"]}}],"collection":[{"href":"http:\/\/portalcatolico.net\/portal\/wp-json\/wp\/v2\/posts"}],"about":[{"href":"http:\/\/portalcatolico.net\/portal\/wp-json\/wp\/v2\/types\/post"}],"author":[{"embeddable":true,"href":"http:\/\/portalcatolico.net\/portal\/wp-json\/wp\/v2\/users\/2"}],"replies":[{"embeddable":true,"href":"http:\/\/portalcatolico.net\/portal\/wp-json\/wp\/v2\/comments?post=50153"}],"version-history":[{"count":1,"href":"http:\/\/portalcatolico.net\/portal\/wp-json\/wp\/v2\/posts\/50153\/revisions"}],"predecessor-version":[{"id":50155,"href":"http:\/\/portalcatolico.net\/portal\/wp-json\/wp\/v2\/posts\/50153\/revisions\/50155"}],"wp:featuredmedia":[{"embeddable":true,"href":"http:\/\/portalcatolico.net\/portal\/wp-json\/wp\/v2\/media\/50154"}],"wp:attachment":[{"href":"http:\/\/portalcatolico.net\/portal\/wp-json\/wp\/v2\/media?parent=50153"}],"wp:term":[{"taxonomy":"category","embeddable":true,"href":"http:\/\/portalcatolico.net\/portal\/wp-json\/wp\/v2\/categories?post=50153"},{"taxonomy":"post_tag","embeddable":true,"href":"http:\/\/portalcatolico.net\/portal\/wp-json\/wp\/v2\/tags?post=50153"}],"curies":[{"name":"wp","href":"https:\/\/api.w.org\/{rel}","templated":true}]}}