{"id":50150,"date":"2018-02-06T06:17:41","date_gmt":"2018-02-06T09:17:41","guid":{"rendered":"http:\/\/portalcatolico.net\/portal\/?p=50150"},"modified":"2018-02-06T06:17:41","modified_gmt":"2018-02-06T09:17:41","slug":"terra-santa-teve-recorde-de-peregrinacoes-em-janeiro-e-viagens-continuam-aumentando","status":"publish","type":"post","link":"http:\/\/portalcatolico.net\/portal\/terra-santa-teve-recorde-de-peregrinacoes-em-janeiro-e-viagens-continuam-aumentando\/","title":{"rendered":"Terra Santa teve recorde de peregrina\u00e7\u00f5es em janeiro e viagens continuam aumentando"},"content":{"rendered":"<p>Desde 2016 verifica-se uma tend\u00eancia de aumento das peregrina\u00e7\u00f5es \u00e0 Terra Santa. N\u00famero de peregrina\u00e7\u00f5es recordes na Terra Santa em janeiro, segundo o site da Cust\u00f3dia da Terra Santa. Foram cerca de 770 grupos, somando mais de 26 mil peregrinos. Uma tend\u00eancia que teve in\u00edcio em 2016 e persiste at\u00e9 hoje, apesar das tens\u00f5es na regi\u00e3o.<\/p>\n<p>O diretor do Christian Information Center (Cic), padre Tomasz Dubiel, escreve que \u201cem janeiro de 2016, 390 grupos marcaram uma Missa no Santu\u00e1rio, com a participa\u00e7\u00e3o de 11 mil peregrinos. Em 2017, no mesmo per\u00edodo, chegaram 16 mil peregrinos, em 529 grupos, mas em janeiro de 2018, o n\u00famero de grupos aumentou para 770, em um total de 26 mil peregrinos\u201d.<\/p>\n<blockquote><p><strong>Em 2017, incremento de 23% em rela\u00e7\u00e3o a 2016<\/strong><\/p><\/blockquote>\n<p>Estes dados confirmam o que j\u00e1 havia sido revelado pelo Central Bureau os Statistics de Israel e referido pela Ag\u00eancia Sir: em 2017, foram registradas 3.611.800 chegadas, um incremente de 23% em rela\u00e7\u00e3o a 2016 e de 29% em rela\u00e7\u00e3o a 2015.<\/p>\n<p>\u201cOs n\u00fameros dos cat\u00f3licos duplicaram em 2018 \u2013 diz o franciscano. Mas tamb\u00e9m est\u00e3o em aumento os grupos de outras denomina\u00e7\u00f5es crist\u00e3s que pedem para rezar nos Santu\u00e1rios\u201d.<\/p>\n<p>Os dados do Christian Information Center \u2013 organismo da Cust\u00f3dia da Terra Santa que se ocupa em oferecer um servi\u00e7o de informa\u00e7\u00f5es imediatas aos peregrinos, a partir das reservas das Missas nos Santu\u00e1rios \u2013 n\u00e3o levam em considera\u00e7\u00e3o os milhares de peregrinos ortodoxos que visitaram a Terra Santa para as f\u00e9rias de Natal, celebradas em janeiro.<\/p>\n<p>Tamb\u00e9m foi constatado um aumento das Missas celebradas na Bas\u00edlica do Santo Sepulcro, como declarado pelo sacrist\u00e3o da Capela Latina, padre Auksencjusz Gad.<\/p>\n<p><strong>Pa\u00edses de origem dos peregrinos<\/strong><\/p>\n<p>Neste per\u00edodo, as chegadas s\u00e3o prinipalmente da \u00c1sia. As cifras do Cics est\u00e3o em continuidade com aquelas do Central Bureau of Statistics de Israel, que para o ano de 2017 havia falado de \u201cano recorde\u201d.<br \/>\nEm primeiros lugar permanecem os visitantes oriundos dos Estados Unidos, com 778.800 visitantes em 2017, 20% a mais em rela\u00e7\u00e3o a 2016.<br \/>\nSegue a R\u00fassia (331.500), Fran\u00e7a (308.600), Alemanha (218.100) e o Reino Unido (198.500).<\/p>\n<p>Os apelos durante o Natal do Cust\u00f3dio da Terra Santa, padre Francesco Patton e do Administrador apost\u00f3licos do Patriarcado Latino de Jerusal\u00e9m, Dom Pierbattista Pizzaballa, parece terem surtido efeito.<\/p>\n<p>\u201cA Terra Santa sempre foi segura e os peregrinos podem vir com toda a tranquilidade. Esperamos que a tend\u00eancia de crescimento se confirme para o resto do ano que rec\u00e9m iniciou\u201d.<\/p>\n<p><em>(Texto: Vatican News)<\/em><\/p>\n","protected":false},"excerpt":{"rendered":"<p>Desde 2016 verifica-se uma tend\u00eancia de aumento das peregrina\u00e7\u00f5es \u00e0 Terra Santa. N\u00famero de peregrina\u00e7\u00f5es recordes na Terra Santa em janeiro, segundo o site da Cust\u00f3dia da Terra Santa. Foram cerca de 770 grupos, somando mais de 26 mil peregrinos. Uma tend\u00eancia que teve in\u00edcio em 2016 e persiste at\u00e9 hoje, apesar das tens\u00f5es na&nbsp;<\/p>\n<p><a class=\"btn btn-style\" href=\"http:\/\/portalcatolico.net\/portal\/terra-santa-teve-recorde-de-peregrinacoes-em-janeiro-e-viagens-continuam-aumentando\/\">Continue Reading<\/a><\/p>\n","protected":false},"author":2,"featured_media":50151,"comment_status":"open","ping_status":"open","sticky":false,"template":"","format":"standard","meta":{"footnotes":""},"categories":[5],"tags":[],"class_list":["post-50150","post","type-post","status-publish","format-standard","has-post-thumbnail","hentry","category-igreja_no_mundo"],"_links":{"self":[{"href":"http:\/\/portalcatolico.net\/portal\/wp-json\/wp\/v2\/posts\/50150","targetHints":{"allow":["GET"]}}],"collection":[{"href":"http:\/\/portalcatolico.net\/portal\/wp-json\/wp\/v2\/posts"}],"about":[{"href":"http:\/\/portalcatolico.net\/portal\/wp-json\/wp\/v2\/types\/post"}],"author":[{"embeddable":true,"href":"http:\/\/portalcatolico.net\/portal\/wp-json\/wp\/v2\/users\/2"}],"replies":[{"embeddable":true,"href":"http:\/\/portalcatolico.net\/portal\/wp-json\/wp\/v2\/comments?post=50150"}],"version-history":[{"count":1,"href":"http:\/\/portalcatolico.net\/portal\/wp-json\/wp\/v2\/posts\/50150\/revisions"}],"predecessor-version":[{"id":50152,"href":"http:\/\/portalcatolico.net\/portal\/wp-json\/wp\/v2\/posts\/50150\/revisions\/50152"}],"wp:featuredmedia":[{"embeddable":true,"href":"http:\/\/portalcatolico.net\/portal\/wp-json\/wp\/v2\/media\/50151"}],"wp:attachment":[{"href":"http:\/\/portalcatolico.net\/portal\/wp-json\/wp\/v2\/media?parent=50150"}],"wp:term":[{"taxonomy":"category","embeddable":true,"href":"http:\/\/portalcatolico.net\/portal\/wp-json\/wp\/v2\/categories?post=50150"},{"taxonomy":"post_tag","embeddable":true,"href":"http:\/\/portalcatolico.net\/portal\/wp-json\/wp\/v2\/tags?post=50150"}],"curies":[{"name":"wp","href":"https:\/\/api.w.org\/{rel}","templated":true}]}}