{"id":50146,"date":"2018-02-06T06:14:04","date_gmt":"2018-02-06T09:14:04","guid":{"rendered":"http:\/\/portalcatolico.net\/portal\/?p=50146"},"modified":"2018-02-06T06:15:37","modified_gmt":"2018-02-06T09:15:37","slug":"cardeal-odilo-pedro-scherer-visita-a-igreja-na-amazonia","status":"publish","type":"post","link":"http:\/\/portalcatolico.net\/portal\/cardeal-odilo-pedro-scherer-visita-a-igreja-na-amazonia\/","title":{"rendered":"Cardeal Odilo Pedro Scherer visita a Igreja na Amaz\u00f4nia"},"content":{"rendered":"<p>O Cardeal Arcebispo de S\u00e3o Paulo, Dom Odilo Pedro Scherer, viajou para o Estado do Amazonas, durante o m\u00eas de janeiro, para visitar a Diocese de Alto Solim\u00f5es e a Arquidiocese de Manaus.<\/p>\n<p>Na capital do Amazonas, o purpurado visitou a sede da Comunidade Alian\u00e7a de Miseric\u00f3rdia e presidiu uma Santa Missa na Par\u00f3quia S\u00e3o Sebasti\u00e3o, durante a novena realizada em honra ao padroeiro. Na ocasi\u00e3o, Dom Odilo visitou tamb\u00e9m as instala\u00e7\u00f5es da r\u00e1dio Rio Mar, pertencente \u00e0 Arquidiocese de Manaus, contando com a companhia do Arcebispo da cidade, Dom S\u00e9rgio Eduardo Castriani.<\/p>\n<p>O Cardeal explicou que gosta de ir pessoalmente aos lugares para conhecer a situa\u00e7\u00e3o, ter um conhecimento mais pr\u00f3ximo da realidade do povo e da miss\u00e3o da Igreja em cada regi\u00e3o. &#8220;Eu n\u00e3o tinha ido ainda \u00e0 Diocese de Alto Solim\u00f5es, mas n\u00e3o \u00e9 a minha primeira vez na Amaz\u00f4nia. Hoje, o mundo inteiro est\u00e1 preocupado e torcendo para que a Amaz\u00f4nia, no seu conjunto, seja cuidada, preservada. A miss\u00e3o requer, muitas vezes, sacrif\u00edcios que os nossos mission\u00e1rios j\u00e1 est\u00e3o oferecendo, muitas vezes no desconforto, nas poucas condi\u00e7\u00f5es de cuidado com a sa\u00fade, do ritmo lento dos trabalhos, pois as coisas tem de acontecer no ritmo da natureza, das \u00e1guas, e, portanto, para mim, foi importante ter ido \u00e0quela regi\u00e3o para ver de perto, conhecer de perto a realidade e n\u00e3o simplesmente avaliar de longe, \u00e0 dist\u00e2ncia&#8221;, afirmou em entrevista \u00e0 r\u00e1dio Rio Mar.<\/p>\n<p>&#8220;A Arquidiocese de S\u00e3o Paulo tamb\u00e9m tem presen\u00e7a mission\u00e1ria em mais de uma parte aqui na Amaz\u00f4nia&#8221;, ressaltou o Arcebispo de S\u00e3o Paulo fazendo men\u00e7\u00e3o ao projeto Sul 1-Norte 1, pelo qual o Regional Sul 1 da CNBB, desde 1994, colabora com a miss\u00e3o da Igreja na Amaz\u00f4nia.(Gaudiumpress)<\/p>\n<p>&nbsp;<\/p>\n","protected":false},"excerpt":{"rendered":"<p>O Cardeal Arcebispo de S\u00e3o Paulo, Dom Odilo Pedro Scherer, viajou para o Estado do Amazonas, durante o m\u00eas de janeiro, para visitar a Diocese de Alto Solim\u00f5es e a Arquidiocese de Manaus. Na capital do Amazonas, o purpurado visitou a sede da Comunidade Alian\u00e7a de Miseric\u00f3rdia e presidiu uma Santa Missa na Par\u00f3quia S\u00e3o&nbsp;<\/p>\n<p><a class=\"btn btn-style\" href=\"http:\/\/portalcatolico.net\/portal\/cardeal-odilo-pedro-scherer-visita-a-igreja-na-amazonia\/\">Continue Reading<\/a><\/p>\n","protected":false},"author":2,"featured_media":50147,"comment_status":"open","ping_status":"open","sticky":false,"template":"","format":"standard","meta":{"footnotes":""},"categories":[3],"tags":[],"class_list":["post-50146","post","type-post","status-publish","format-standard","has-post-thumbnail","hentry","category-noticias_regionais"],"_links":{"self":[{"href":"http:\/\/portalcatolico.net\/portal\/wp-json\/wp\/v2\/posts\/50146","targetHints":{"allow":["GET"]}}],"collection":[{"href":"http:\/\/portalcatolico.net\/portal\/wp-json\/wp\/v2\/posts"}],"about":[{"href":"http:\/\/portalcatolico.net\/portal\/wp-json\/wp\/v2\/types\/post"}],"author":[{"embeddable":true,"href":"http:\/\/portalcatolico.net\/portal\/wp-json\/wp\/v2\/users\/2"}],"replies":[{"embeddable":true,"href":"http:\/\/portalcatolico.net\/portal\/wp-json\/wp\/v2\/comments?post=50146"}],"version-history":[{"count":1,"href":"http:\/\/portalcatolico.net\/portal\/wp-json\/wp\/v2\/posts\/50146\/revisions"}],"predecessor-version":[{"id":50148,"href":"http:\/\/portalcatolico.net\/portal\/wp-json\/wp\/v2\/posts\/50146\/revisions\/50148"}],"wp:featuredmedia":[{"embeddable":true,"href":"http:\/\/portalcatolico.net\/portal\/wp-json\/wp\/v2\/media\/50147"}],"wp:attachment":[{"href":"http:\/\/portalcatolico.net\/portal\/wp-json\/wp\/v2\/media?parent=50146"}],"wp:term":[{"taxonomy":"category","embeddable":true,"href":"http:\/\/portalcatolico.net\/portal\/wp-json\/wp\/v2\/categories?post=50146"},{"taxonomy":"post_tag","embeddable":true,"href":"http:\/\/portalcatolico.net\/portal\/wp-json\/wp\/v2\/tags?post=50146"}],"curies":[{"name":"wp","href":"https:\/\/api.w.org\/{rel}","templated":true}]}}