{"id":50142,"date":"2018-02-05T18:58:17","date_gmt":"2018-02-05T21:58:17","guid":{"rendered":"http:\/\/portalcatolico.net\/portal\/?p=50142"},"modified":"2018-02-06T06:16:09","modified_gmt":"2018-02-06T09:16:09","slug":"irma-ana-paula-realiza-show-em-coaraci-e-concede-entrevista-exclusiva-ao-portal-catolico","status":"publish","type":"post","link":"http:\/\/portalcatolico.net\/portal\/irma-ana-paula-realiza-show-em-coaraci-e-concede-entrevista-exclusiva-ao-portal-catolico\/","title":{"rendered":"Irm\u00e3 Ana Paula realiza show em Coaraci e concede entrevista exclusiva ao Portal Cat\u00f3lico"},"content":{"rendered":"<p style=\"font-weight: 400;\"><em>Com alegria e devo\u00e7\u00e3o, est\u00e3o sendo celebrados\u00a0os 50 anos de cria\u00e7\u00e3o e funda\u00e7\u00e3o da\u00a0\u00a0comunidade paroquial de Nossa Senhora de Lourdes, em Coaraci (BA).<\/em><\/p>\n<p style=\"font-weight: 400;\"><em>Em comemora\u00e7\u00e3o ao Jubileu de Ouro, o Noven\u00e1rio teve in\u00edcio no dia 28 de janeiro. Por\u00e9m, o grande dia festivo ser\u00e1 no dia 11 de fevereiro. E para abrilhantar ainda mais os momentos de f\u00e9 e comemora\u00e7\u00f5es, aconteceu neste \u00faltimo s\u00e1bado (02), um show espetacular com\u00a0<\/em><em>a Irm\u00e3 Ana Paula, que \u00e9 um dos maiores nomes da atualidade da m\u00fasica cat\u00f3lica.\u00a0O Portal Cat\u00f3lico al\u00e9m de registrar esse momento, teve a honra de entrevist\u00e1-la com exclusividade. Confira a entrevista e conhe\u00e7a um pouco mais sobre a trajet\u00f3ria e o trabalho dessa cantora capixaba que encantou os baianos devotos de Nossa Senhora de Lourdes.<\/em><\/p>\n<p style=\"font-weight: 400;\"><em>\u00a0<\/em><strong>Portal Cat\u00f3lico: Fale um pouco sobre a sua miss\u00e3o<\/strong><\/p>\n<p style=\"font-weight: 400;\">Irm\u00e3 Ana Paula: A minha miss\u00e3o come\u00e7ou depois que eu recebi o batismo do Esp\u00edrito Santo, depois dos 13, 14 anos de idade. Deus foi trabalhando em mim todo um processo de convers\u00e3o, de transforma\u00e7\u00e3o&#8230; mas na minha Diocese eu pregava em retiro, eu cantava e tocava em algumas cidades da Diocese S\u00e3o Mateus e at\u00e9 mesmo do estado do Esp\u00edrito Santo. Entrei no convento aos 19 anos e a miss\u00e3o continua at\u00e9 hoje. E at\u00e9 o c\u00e9u, estamos a\u00ed (risos).<\/p>\n<p style=\"font-weight: 400;\"><strong>Portal Cat\u00f3lico: Como \u00e9 a sua hist\u00f3ria na m\u00fasica?<\/strong><\/p>\n<p style=\"font-weight: 400;\">Irm\u00e3 Ana Paula: A m\u00fasica tem um envolvimento na minha vida desde a inf\u00e2ncia. Meu pai toca viol\u00e3o, minha m\u00e3e gosta de cantar, nos encontros na minha casa com meus amigos, sempre tinha muita m\u00fasica. Eu ficava batendo a colher desde pequenininha l\u00e1 do lado, ent\u00e3o eu fui me apaixonando pela m\u00fasica, mas ao mesmo tempo, eu n\u00e3o\u00a0 tinha muita facilidade pra tocar. Eu aprendi a tocar viol\u00e3o depois dos 13 anos, mas eu tocava num tom e cantava num outro. Foi a\u00ed ent\u00e3o que eu consagrei a minha voz para Nossa Senhora e pedi que ela me ensinasse que ela me ajudasse. E depois desse dia, n\u00e3o me dei conta de quando nem como mas hoje eu canto! Tamb\u00e9m eu considero uma gra\u00e7a especial de Deus o dom de cantar. E hoje, a m\u00fasica \u00e9 um carro-chefe na minha vida de miss\u00e3o.<\/p>\n<p style=\"font-weight: 400;\"><strong>Portal Cat\u00f3lico: Dos CD\u2019s que gravou, qual o que voc\u00ea considera o mais importante?<\/strong><\/p>\n<p style=\"font-weight: 400;\">Irm\u00e3 Ana Paula: N\u00e3o sei dizer qual o mais importante porque em cada \u00e9poca Deus levantou a import\u00e2ncia de cada CD. Mas, o \u201cIncompar\u00e1vel Deus\u201d que tem a primeira vers\u00e3o da m\u00fasica \u201cSopra em n\u00f3s\u201d eu acredito que foi a alavanca que realmente muitas pessoas t\u00eam recebido a gra\u00e7a do Esp\u00edrito Santo, onde ela \u00e9 tocada, onde ela \u00e9 cantada.<\/p>\n<p style=\"font-weight: 400;\"><strong>Portal Cat\u00f3lico: Como voc\u00ea destaca conciliar m\u00fasica e sua miss\u00e3o?<\/strong><\/p>\n<p style=\"font-weight: 400;\">Irm\u00e3 Ana Paula: A minha primeira miss\u00e3o \u00e9 ser religiosa. Eu n\u00e3o me considero cantora, me considero religiosa. E o canto faz parte do meu ser religioso. Ent\u00e3o, eu preciso conciliar isso, vivendo a minha ess\u00eancia religiosa, vivendo a consagra\u00e7\u00e3o da vida de ora\u00e7\u00e3o e da vida fraterna, e a m\u00fasica \u00e9 um ornamento para a miss\u00e3o, que Deus utiliza para poder evangelizar as pessoas, para atrair mais as pessoas para Ele. Mas existe essa realidade: a m\u00fasica n\u00e3o \u00e9 a ess\u00eancia, a m\u00fasica \u00e9 um artif\u00edcio, \u00e9 um mecanismo, \u00e9 um meio, \u00e9 um instrumento de trabalho na evangeliza\u00e7\u00e3o.<\/p>\n<p style=\"font-weight: 400;\"><strong>Portal Cat\u00f3lico: Quais as dificuldades de ser cantora cat\u00f3lica?<\/strong><\/p>\n<p style=\"font-weight: 400;\">Irm\u00e3 Ana Paula: Muitas! A primeira dificuldade que eu acredito n\u00e3o \u00e9 simplesmente voc\u00ea chegar diante de um povo e cantar. Mas, a primeira dificuldade eu apresento para a Irm\u00e3 Ana Paula, sobretudo, viver aquilo que ela est\u00e1 cantando. \u00c9 um desafio porque n\u00f3s estamos a\u00ed em processo de convers\u00e3o, \u00e0 caminho da santidade. Como dizia Santa Teresinha: \u201cEu canto aquilo que eu quero crer\u201d, e eu posso dizer que eu canto aquilo que eu quero crer e eu canto aquilo que eu quero viver. O maior desafio \u00e9 viver o que eu canto.<\/p>\n<p style=\"font-weight: 400;\">\u00a0<strong>Portal Cat\u00f3lico: Como \u00e9 para voc\u00ea servir \u00e0 igreja atrav\u00e9s das can\u00e7\u00f5es?<\/strong><\/p>\n<p style=\"font-weight: 400;\">Irm\u00e3 Ana Paula: Primeiro confesso a minha dignidade. Deus olhou pra mim e em sua infinita miseric\u00f3rdia. \u00c9 uma gra\u00e7a poder servir a Igreja atrav\u00e9s do meu Minist\u00e9rio, ser uma luz no meio de toda santa igreja. Uma luz bem pequena que n\u00e3o pode deixar de brilhar. Ent\u00e3o, eu considero o meu trabalho uma ben\u00e7\u00e3o, uma gra\u00e7a, hoje no seio da Igreja, simplesmente por m\u00e9rito de Deus mesmo.<\/p>\n<p style=\"font-weight: 400;\"><strong>Portal Cat\u00f3lico: Quais seus planos para o futuro?<\/strong><\/p>\n<p style=\"font-weight: 400;\">Irm\u00e3 Ana Paula: Esse ano vou estar lan\u00e7ando o meu primeiro CD solo, ao vivo. Ainda vamos confirmar o local de grava\u00e7\u00e3o (quem sabe na Bahia!), h\u00e1 uma grande probabilidade de ser na Bahia, pelo carinho do povo, pela acolhida, pois \u00e9 um povo que reza, que gosta de estar na presen\u00e7a do Senhor e isso pra mim \u00e9 muito importante!<\/p>\n<p style=\"font-weight: 400;\"><strong>Portal Cat\u00f3lico: J\u00e1 foi convidada para gravar outros tipos de m\u00fasicas?<\/strong><\/p>\n<p style=\"font-weight: 400;\">Irm\u00e3 Ana Paula: J\u00e1 fui convidada uma vez por um Protestante para participar de um CD dele mas depois ele sumiu e a\u00ed n\u00e3o deu certo, enfim&#8230; mas m\u00fasicas seculares, n\u00e3o! Nunca fui convidada.<\/p>\n<p style=\"font-weight: 400;\"><strong>Portal Cat\u00f3lico: Qual mensagem voc\u00ea deixa para os leitores do Portal Cat\u00f3lico?<\/strong><\/p>\n<p style=\"font-weight: 400;\">Irm\u00e3 Ana Paula: Queria dizer que \u00e9 importante hoje cada um olhar pra dentro do seu interior e perceber o que est\u00e1 fazendo da sua pr\u00f3pria vida, onde est\u00e1 buscando a sua felicidade, onde voc\u00ea procura saciar a sua solid\u00e3o. Existe um Deus que est\u00e1 sempre de bra\u00e7os abertos do seu lado, pra te levantar, pra te abra\u00e7ar, pra cuidar de voc\u00ea. Seja atento a isso. Ele \u00e9 Pai, Ele ama, nunca se esque\u00e7a, que independente do que voc\u00ea j\u00e1 fez na sua vida, seja aberto a esse Deus que\u00a0 quer reconstruir a tua hist\u00f3ria hoje. Hoje \u00e9 dia de voc\u00ea recome\u00e7ar!<\/p>\n<p style=\"font-weight: 400;\">\u00a0Reportagem: Valdeni Elias<\/p>\n<p style=\"font-weight: 400;\">Edi\u00e7\u00e3o de texto: Anara Passos<\/p>\n","protected":false},"excerpt":{"rendered":"<p>Com alegria e devo\u00e7\u00e3o, est\u00e3o sendo celebrados\u00a0os 50 anos de cria\u00e7\u00e3o e funda\u00e7\u00e3o da\u00a0\u00a0comunidade paroquial de Nossa Senhora de Lourdes, em Coaraci (BA). Em comemora\u00e7\u00e3o ao Jubileu de Ouro, o Noven\u00e1rio teve in\u00edcio no dia 28 de janeiro. Por\u00e9m, o grande dia festivo ser\u00e1 no dia 11 de fevereiro. E para abrilhantar ainda mais os&nbsp;<\/p>\n<p><a class=\"btn btn-style\" href=\"http:\/\/portalcatolico.net\/portal\/irma-ana-paula-realiza-show-em-coaraci-e-concede-entrevista-exclusiva-ao-portal-catolico\/\">Continue Reading<\/a><\/p>\n","protected":false},"author":2,"featured_media":50143,"comment_status":"open","ping_status":"open","sticky":false,"template":"","format":"standard","meta":{"footnotes":""},"categories":[65],"tags":[],"class_list":["post-50142","post","type-post","status-publish","format-standard","has-post-thumbnail","hentry","category-entrevistas"],"_links":{"self":[{"href":"http:\/\/portalcatolico.net\/portal\/wp-json\/wp\/v2\/posts\/50142","targetHints":{"allow":["GET"]}}],"collection":[{"href":"http:\/\/portalcatolico.net\/portal\/wp-json\/wp\/v2\/posts"}],"about":[{"href":"http:\/\/portalcatolico.net\/portal\/wp-json\/wp\/v2\/types\/post"}],"author":[{"embeddable":true,"href":"http:\/\/portalcatolico.net\/portal\/wp-json\/wp\/v2\/users\/2"}],"replies":[{"embeddable":true,"href":"http:\/\/portalcatolico.net\/portal\/wp-json\/wp\/v2\/comments?post=50142"}],"version-history":[{"count":2,"href":"http:\/\/portalcatolico.net\/portal\/wp-json\/wp\/v2\/posts\/50142\/revisions"}],"predecessor-version":[{"id":50149,"href":"http:\/\/portalcatolico.net\/portal\/wp-json\/wp\/v2\/posts\/50142\/revisions\/50149"}],"wp:featuredmedia":[{"embeddable":true,"href":"http:\/\/portalcatolico.net\/portal\/wp-json\/wp\/v2\/media\/50143"}],"wp:attachment":[{"href":"http:\/\/portalcatolico.net\/portal\/wp-json\/wp\/v2\/media?parent=50142"}],"wp:term":[{"taxonomy":"category","embeddable":true,"href":"http:\/\/portalcatolico.net\/portal\/wp-json\/wp\/v2\/categories?post=50142"},{"taxonomy":"post_tag","embeddable":true,"href":"http:\/\/portalcatolico.net\/portal\/wp-json\/wp\/v2\/tags?post=50142"}],"curies":[{"name":"wp","href":"https:\/\/api.w.org\/{rel}","templated":true}]}}