{"id":50135,"date":"2018-02-05T06:06:16","date_gmt":"2018-02-05T09:06:16","guid":{"rendered":"http:\/\/portalcatolico.net\/portal\/?p=50135"},"modified":"2018-02-05T06:14:50","modified_gmt":"2018-02-05T09:14:50","slug":"frades-servitanos-sao-ordenados-diaconos-em-eunapolis","status":"publish","type":"post","link":"http:\/\/portalcatolico.net\/portal\/frades-servitanos-sao-ordenados-diaconos-em-eunapolis\/","title":{"rendered":"Frades Servitanos s\u00e3o ordenados di\u00e1conos em Eun\u00e1polis"},"content":{"rendered":"<p style=\"font-weight: 400;\"><em>Sete seminaristas\u00a0\u00a0da Diocese\u00a0\u00a0e cidade de Eun\u00e1polis (BA) foram ordenados di\u00e1conos neste \u00faltimo s\u00e1bado (02\/02). A cerim\u00f4nia foi realizada na Igreja Nossa Senhora Auxiliadora, no centro da cidade, e foi presidida pelo bispo diocesano, dom Jose Edson. Os Frades Servitanos s\u00e3o do Instituto Mission\u00e1rios Servos do Senhor. Dos sete, dois s\u00e3o de Itabuna, Luiz Henrique e o Frei Marconi, que est\u00e1 na Par\u00f3quia Nossa Senhora da Piedade, situada no bairro Maria Pinheiro na Diocese de Itabuna (BA).<\/em><\/p>\n<p style=\"font-weight: 400;\"><em>A ordena\u00e7\u00e3o aconteceu por Dom Jos\u00e9 Edson Santana\u00a0Oliveira, bispo da Diocese de Eun\u00e1polis.<\/em><\/p>\n<p><em>A Celebra\u00e7\u00e3o aconteceu\u00a0\u00a0\u00e0s 19h, na par\u00f3quia e catedral diocesana Nossa Senhora Auxiliadora, situada na Pra\u00e7a Frei Calisto, s\/n\u00ba \u2013 Centro da cidade.<\/em><\/p>\n<p><strong><em>Confira os nomes dos 7 novos ordenados \u00e0 di\u00e1conos:<\/em><\/strong><\/p>\n<p><em>Frei Erivelton Alves de Oliveira ,MSs<\/em><\/p>\n<p><em>Frei Fernando do Nascimento Concei\u00e7\u00e3o, MSs<\/em><\/p>\n<p><em>Frei Francisco Pereira da Silva, MSs<\/em><\/p>\n<p><em>Frei Luiz Henrique Lima da Silva, MSs<\/em><\/p>\n<p><em>Frei Marconi Ramos da Silva, MSs<\/em><\/p>\n<p><em>Frei Marcos Ant\u00f4nio Vieira Coelho, MSs<\/em><\/p>\n<p><em>Frei Francisco\u00a0 Flaviol\u00e3ndio Alves Vitoriano, MSs<\/em><\/p>\n<p><em>Foto:Reprodu\u00e7\u00e3o\/Facebook<\/em><\/p>\n<p><em>\u00a0<\/em><em>Edi\u00e7\u00e3o de texto: Anara Passos (Comunic\u00f3loga- DRT 7574)<\/em><\/p>\n<p>&nbsp;<\/p>\n","protected":false},"excerpt":{"rendered":"<p>Sete seminaristas\u00a0\u00a0da Diocese\u00a0\u00a0e cidade de Eun\u00e1polis (BA) foram ordenados di\u00e1conos neste \u00faltimo s\u00e1bado (02\/02). A cerim\u00f4nia foi realizada na Igreja Nossa Senhora Auxiliadora, no centro da cidade, e foi presidida pelo bispo diocesano, dom Jose Edson. Os Frades Servitanos s\u00e3o do Instituto Mission\u00e1rios Servos do Senhor. Dos sete, dois s\u00e3o de Itabuna, Luiz Henrique e&nbsp;<\/p>\n<p><a class=\"btn btn-style\" href=\"http:\/\/portalcatolico.net\/portal\/frades-servitanos-sao-ordenados-diaconos-em-eunapolis\/\">Continue Reading<\/a><\/p>\n","protected":false},"author":2,"featured_media":50136,"comment_status":"open","ping_status":"open","sticky":false,"template":"","format":"standard","meta":{"footnotes":""},"categories":[4],"tags":[],"class_list":["post-50135","post","type-post","status-publish","format-standard","has-post-thumbnail","hentry","category-destaques"],"_links":{"self":[{"href":"http:\/\/portalcatolico.net\/portal\/wp-json\/wp\/v2\/posts\/50135","targetHints":{"allow":["GET"]}}],"collection":[{"href":"http:\/\/portalcatolico.net\/portal\/wp-json\/wp\/v2\/posts"}],"about":[{"href":"http:\/\/portalcatolico.net\/portal\/wp-json\/wp\/v2\/types\/post"}],"author":[{"embeddable":true,"href":"http:\/\/portalcatolico.net\/portal\/wp-json\/wp\/v2\/users\/2"}],"replies":[{"embeddable":true,"href":"http:\/\/portalcatolico.net\/portal\/wp-json\/wp\/v2\/comments?post=50135"}],"version-history":[{"count":4,"href":"http:\/\/portalcatolico.net\/portal\/wp-json\/wp\/v2\/posts\/50135\/revisions"}],"predecessor-version":[{"id":50141,"href":"http:\/\/portalcatolico.net\/portal\/wp-json\/wp\/v2\/posts\/50135\/revisions\/50141"}],"wp:featuredmedia":[{"embeddable":true,"href":"http:\/\/portalcatolico.net\/portal\/wp-json\/wp\/v2\/media\/50136"}],"wp:attachment":[{"href":"http:\/\/portalcatolico.net\/portal\/wp-json\/wp\/v2\/media?parent=50135"}],"wp:term":[{"taxonomy":"category","embeddable":true,"href":"http:\/\/portalcatolico.net\/portal\/wp-json\/wp\/v2\/categories?post=50135"},{"taxonomy":"post_tag","embeddable":true,"href":"http:\/\/portalcatolico.net\/portal\/wp-json\/wp\/v2\/tags?post=50135"}],"curies":[{"name":"wp","href":"https:\/\/api.w.org\/{rel}","templated":true}]}}