{"id":50123,"date":"2018-02-05T06:00:05","date_gmt":"2018-02-05T09:00:05","guid":{"rendered":"http:\/\/portalcatolico.net\/portal\/?p=50123"},"modified":"2018-02-05T06:01:06","modified_gmt":"2018-02-05T09:01:06","slug":"padre-roque-alves-celebra-missa-de-despedida-em-itabuna","status":"publish","type":"post","link":"http:\/\/portalcatolico.net\/portal\/padre-roque-alves-celebra-missa-de-despedida-em-itabuna\/","title":{"rendered":"Padre Roque Alves celebra missa de despedida em Itabuna"},"content":{"rendered":"<p style=\"font-weight: 400;\"><em>Ap\u00f3s 11 anos de dedica\u00e7\u00e3o \u00e0 frente da Par\u00f3quia Santa Maria Madalena, no bairro Nova Itabuna, em Itabuna (BA), o padre Jos\u00e9 Roque Alves de Oliveira, se despediu da Par\u00f3quia, dos fieis, da comunidade, com a celebra\u00e7\u00e3o da Santa Missa presidida por ele mesmo e concelebrada\u00a0pelos di\u00e1conos permanentes Ailton Matos Santos e Erisvaldo Jos\u00e9 da Silva.<\/em><\/p>\n<p style=\"font-weight: 400;\"><em>A solenidade aconteceu neste domingo, 04 de fevereiro, \u00e0s 8h.<\/em><\/p>\n<p style=\"font-weight: 400;\"><em>Padre Roque segue agora para administra\u00e7\u00e3o paroquial da matriz de Senhor do Bonfim em Jussari (BA).<\/em><\/p>\n<p style=\"font-weight: 400;\"><em>A posse can\u00f4nica ser\u00e1 na pr\u00f3xima quarta-feira, 07 de fevereiro, \u00e0s 19h.<\/em><\/p>\n<p style=\"font-weight: 400;\"><em>\u00a0<\/em><em>Edi\u00e7\u00e3o de texto: Anara Passos (Comunic\u00f3loga- DRT 7574)<\/em><\/p>\n<p style=\"font-weight: 400;\">Fotos:Reprodu\u00e7\u00e3o\/Facebook<\/p>\n<p style=\"font-weight: 400;\"><img loading=\"lazy\" decoding=\"async\" class=\"alignnone size-medium wp-image-50130\" src=\"http:\/\/portalcatolico.net\/portal\/wp-content\/uploads\/2018\/02\/27459936_876441859204444_4995766834845050340_n-1-300x225.jpg\" alt=\"27459936_876441859204444_4995766834845050340_n\" width=\"300\" height=\"225\" srcset=\"http:\/\/portalcatolico.net\/portal\/wp-content\/uploads\/2018\/02\/27459936_876441859204444_4995766834845050340_n-1-300x225.jpg 300w, http:\/\/portalcatolico.net\/portal\/wp-content\/uploads\/2018\/02\/27459936_876441859204444_4995766834845050340_n-1-768x576.jpg 768w, http:\/\/portalcatolico.net\/portal\/wp-content\/uploads\/2018\/02\/27459936_876441859204444_4995766834845050340_n-1.jpg 960w\" sizes=\"auto, (max-width: 300px) 100vw, 300px\" \/> <img loading=\"lazy\" decoding=\"async\" class=\"alignnone size-medium wp-image-50131\" src=\"http:\/\/portalcatolico.net\/portal\/wp-content\/uploads\/2018\/02\/27539948_876441772537786_2503724305875845622_n-1-300x225.jpg\" alt=\"27539948_876441772537786_2503724305875845622_n\" width=\"300\" height=\"225\" srcset=\"http:\/\/portalcatolico.net\/portal\/wp-content\/uploads\/2018\/02\/27539948_876441772537786_2503724305875845622_n-1-300x225.jpg 300w, http:\/\/portalcatolico.net\/portal\/wp-content\/uploads\/2018\/02\/27539948_876441772537786_2503724305875845622_n-1-768x576.jpg 768w, http:\/\/portalcatolico.net\/portal\/wp-content\/uploads\/2018\/02\/27539948_876441772537786_2503724305875845622_n-1.jpg 960w\" sizes=\"auto, (max-width: 300px) 100vw, 300px\" \/> <img loading=\"lazy\" decoding=\"async\" class=\"alignnone size-medium wp-image-50132\" src=\"http:\/\/portalcatolico.net\/portal\/wp-content\/uploads\/2018\/02\/27540248_2510441295648168_6672847751795891239_n-1-225x300.jpg\" alt=\"27540248_2510441295648168_6672847751795891239_n\" width=\"225\" height=\"300\" srcset=\"http:\/\/portalcatolico.net\/portal\/wp-content\/uploads\/2018\/02\/27540248_2510441295648168_6672847751795891239_n-1-225x300.jpg 225w, http:\/\/portalcatolico.net\/portal\/wp-content\/uploads\/2018\/02\/27540248_2510441295648168_6672847751795891239_n-1.jpg 720w\" sizes=\"auto, (max-width: 225px) 100vw, 225px\" \/> <img loading=\"lazy\" decoding=\"async\" class=\"alignnone size-medium wp-image-50133\" src=\"http:\/\/portalcatolico.net\/portal\/wp-content\/uploads\/2018\/02\/27545041_876441075871189_5051355893097811657_n-1-225x300.jpg\" alt=\"27545041_876441075871189_5051355893097811657_n\" width=\"225\" height=\"300\" srcset=\"http:\/\/portalcatolico.net\/portal\/wp-content\/uploads\/2018\/02\/27545041_876441075871189_5051355893097811657_n-1-225x300.jpg 225w, http:\/\/portalcatolico.net\/portal\/wp-content\/uploads\/2018\/02\/27545041_876441075871189_5051355893097811657_n-1.jpg 720w\" sizes=\"auto, (max-width: 225px) 100vw, 225px\" \/><\/p>\n<p style=\"font-weight: 400;\">\n","protected":false},"excerpt":{"rendered":"<p>Ap\u00f3s 11 anos de dedica\u00e7\u00e3o \u00e0 frente da Par\u00f3quia Santa Maria Madalena, no bairro Nova Itabuna, em Itabuna (BA), o padre Jos\u00e9 Roque Alves de Oliveira, se despediu da Par\u00f3quia, dos fieis, da comunidade, com a celebra\u00e7\u00e3o da Santa Missa presidida por ele mesmo e concelebrada\u00a0pelos di\u00e1conos permanentes Ailton Matos Santos e Erisvaldo Jos\u00e9 da&nbsp;<\/p>\n<p><a class=\"btn btn-style\" href=\"http:\/\/portalcatolico.net\/portal\/padre-roque-alves-celebra-missa-de-despedida-em-itabuna\/\">Continue Reading<\/a><\/p>\n","protected":false},"author":2,"featured_media":50124,"comment_status":"open","ping_status":"open","sticky":false,"template":"","format":"standard","meta":{"footnotes":""},"categories":[4],"tags":[],"class_list":["post-50123","post","type-post","status-publish","format-standard","has-post-thumbnail","hentry","category-destaques"],"_links":{"self":[{"href":"http:\/\/portalcatolico.net\/portal\/wp-json\/wp\/v2\/posts\/50123","targetHints":{"allow":["GET"]}}],"collection":[{"href":"http:\/\/portalcatolico.net\/portal\/wp-json\/wp\/v2\/posts"}],"about":[{"href":"http:\/\/portalcatolico.net\/portal\/wp-json\/wp\/v2\/types\/post"}],"author":[{"embeddable":true,"href":"http:\/\/portalcatolico.net\/portal\/wp-json\/wp\/v2\/users\/2"}],"replies":[{"embeddable":true,"href":"http:\/\/portalcatolico.net\/portal\/wp-json\/wp\/v2\/comments?post=50123"}],"version-history":[{"count":2,"href":"http:\/\/portalcatolico.net\/portal\/wp-json\/wp\/v2\/posts\/50123\/revisions"}],"predecessor-version":[{"id":50134,"href":"http:\/\/portalcatolico.net\/portal\/wp-json\/wp\/v2\/posts\/50123\/revisions\/50134"}],"wp:featuredmedia":[{"embeddable":true,"href":"http:\/\/portalcatolico.net\/portal\/wp-json\/wp\/v2\/media\/50124"}],"wp:attachment":[{"href":"http:\/\/portalcatolico.net\/portal\/wp-json\/wp\/v2\/media?parent=50123"}],"wp:term":[{"taxonomy":"category","embeddable":true,"href":"http:\/\/portalcatolico.net\/portal\/wp-json\/wp\/v2\/categories?post=50123"},{"taxonomy":"post_tag","embeddable":true,"href":"http:\/\/portalcatolico.net\/portal\/wp-json\/wp\/v2\/tags?post=50123"}],"curies":[{"name":"wp","href":"https:\/\/api.w.org\/{rel}","templated":true}]}}