{"id":50116,"date":"2018-02-05T05:55:11","date_gmt":"2018-02-05T08:55:11","guid":{"rendered":"http:\/\/portalcatolico.net\/portal\/?p=50116"},"modified":"2018-02-05T05:55:11","modified_gmt":"2018-02-05T08:55:11","slug":"catequistas-promovem-jornada-catequetica-em-itabuna","status":"publish","type":"post","link":"http:\/\/portalcatolico.net\/portal\/catequistas-promovem-jornada-catequetica-em-itabuna\/","title":{"rendered":"Catequistas promovem Jornada Catequ\u00e9tica em Itabuna"},"content":{"rendered":"<p style=\"font-weight: 400;\"><em>Catequistas das quatro comunidades que comp\u00f5em a\u00a0\u00a0Par\u00f3quia Santa Rita de C\u00e1ssia em Itabuna (BA) se reuniram nos dias 03 e 04 de fevereiro no sal\u00e3o paroquial na Igreja matriz, situada no bairro S\u00e3o Caetano,\u00a0para encaminhamento da catequese de inicia\u00e7\u00e3o \u00e0 vida crist\u00e3. A\u00e7\u00f5es voltadas para a Inicia\u00e7\u00e3o \u00e0 Vida Crist\u00e3 e a Palavra de Deus fazem parte das cinco prioridades de evangeliza\u00e7\u00e3o da Igreja\u00a0\u00a0e teve a finalidade de fortalecer as comunidades de f\u00e9, tendo como fonte a Palavra de Deus, no desejo de crescer nesse processo, de evangeliza\u00e7\u00e3o.<\/em><\/p>\n<p style=\"font-weight: 400;\"><em>O evento contou com a participa\u00e7\u00e3o das catequistas, das irm\u00e3s franciscanas, do Frei o Pe. Jos\u00e9 Genilton (p\u00e1roco), dos membros das pastorais, dos coroinhas e comunidades.<\/em><\/p>\n<p style=\"font-weight: 400;\"><em>A Jornada teve in\u00edcio \u00e0s 13h30min\u00a0do s\u00e1bado (03), com o credenciamento dos membros e encerrou neste domingo, \u00e0s 11h com o envio dos catequistas para a miss\u00e3o em 2018.<\/em><\/p>\n<p style=\"font-weight: 400;\"><em>A programa\u00e7\u00e3o foi composta de confer\u00eancia, m\u00fasica, ora\u00e7\u00e3o, acolhimentos dos membros, confer\u00eancias, e tamb\u00e9m foi apresentado\u00a0\u00a0planejamentos, cronograma, projetos de interven\u00e7\u00e3o &#8211; Pastoral da Catequese para 2018.<\/em><\/p>\n<p style=\"font-weight: 400;\"><em>A abertura do evento teve in\u00edcio com a palavra do p\u00e1roco Frei Pe. Jos\u00e9 Genilton. A primeira confer\u00eancia iniciou \u00e0s 14h30min com o coordenador diocesano da Pastoral da Catequese na Diocese de Itabuna, Danilo Barbosa, que refletiu sobre o tema: \u201cInicia\u00e7\u00e3o da vida Crist\u00e3- doc 107 da CNBB\u201d<\/em><\/p>\n<p style=\"font-weight: 400;\"><em>Na oportunidade, a coordena\u00e7\u00e3o informou tamb\u00e9m que haver\u00e1 o retorno da Crisma no dia 17 de fevereiro, \u00e0s 16h30min; da catequese no s\u00e1bado pela manh\u00e3, a partir das 8h; e santa missa especialmente para as crian\u00e7as, no domingo (18), \u00e0s 9h30min.<\/em><\/p>\n<p style=\"font-weight: 400;\"><em>\u00a0<\/em>Edi\u00e7\u00e3o de texto: Anara Passos (Comunic\u00f3loga- DRT 7574)<\/p>\n<p style=\"font-weight: 400;\"><img loading=\"lazy\" decoding=\"async\" class=\"alignnone size-medium wp-image-50118\" src=\"http:\/\/portalcatolico.net\/portal\/wp-content\/uploads\/2018\/02\/DSCN8575-300x225.jpg\" alt=\"DSCN8575\" width=\"300\" height=\"225\" srcset=\"http:\/\/portalcatolico.net\/portal\/wp-content\/uploads\/2018\/02\/DSCN8575-300x225.jpg 300w, http:\/\/portalcatolico.net\/portal\/wp-content\/uploads\/2018\/02\/DSCN8575.jpg 640w\" sizes=\"auto, (max-width: 300px) 100vw, 300px\" \/> <img loading=\"lazy\" decoding=\"async\" class=\"alignnone size-medium wp-image-50119\" src=\"http:\/\/portalcatolico.net\/portal\/wp-content\/uploads\/2018\/02\/DSCN8576-300x225.jpg\" alt=\"DSCN8576\" width=\"300\" height=\"225\" srcset=\"http:\/\/portalcatolico.net\/portal\/wp-content\/uploads\/2018\/02\/DSCN8576-300x225.jpg 300w, http:\/\/portalcatolico.net\/portal\/wp-content\/uploads\/2018\/02\/DSCN8576.jpg 640w\" sizes=\"auto, (max-width: 300px) 100vw, 300px\" \/> <img loading=\"lazy\" decoding=\"async\" class=\"alignnone size-medium wp-image-50120\" src=\"http:\/\/portalcatolico.net\/portal\/wp-content\/uploads\/2018\/02\/DSCN8577-300x225.jpg\" alt=\"DSCN8577\" width=\"300\" height=\"225\" srcset=\"http:\/\/portalcatolico.net\/portal\/wp-content\/uploads\/2018\/02\/DSCN8577-300x225.jpg 300w, http:\/\/portalcatolico.net\/portal\/wp-content\/uploads\/2018\/02\/DSCN8577.jpg 640w\" sizes=\"auto, (max-width: 300px) 100vw, 300px\" \/> <img loading=\"lazy\" decoding=\"async\" class=\"alignnone size-medium wp-image-50121\" src=\"http:\/\/portalcatolico.net\/portal\/wp-content\/uploads\/2018\/02\/DSCN8593-300x225.jpg\" alt=\"DSCN8593\" width=\"300\" height=\"225\" srcset=\"http:\/\/portalcatolico.net\/portal\/wp-content\/uploads\/2018\/02\/DSCN8593-300x225.jpg 300w, http:\/\/portalcatolico.net\/portal\/wp-content\/uploads\/2018\/02\/DSCN8593.jpg 640w\" sizes=\"auto, (max-width: 300px) 100vw, 300px\" \/><\/p>\n","protected":false},"excerpt":{"rendered":"<p>Catequistas das quatro comunidades que comp\u00f5em a\u00a0\u00a0Par\u00f3quia Santa Rita de C\u00e1ssia em Itabuna (BA) se reuniram nos dias 03 e 04 de fevereiro no sal\u00e3o paroquial na Igreja matriz, situada no bairro S\u00e3o Caetano,\u00a0para encaminhamento da catequese de inicia\u00e7\u00e3o \u00e0 vida crist\u00e3. A\u00e7\u00f5es voltadas para a Inicia\u00e7\u00e3o \u00e0 Vida Crist\u00e3 e a Palavra de Deus&nbsp;<\/p>\n<p><a class=\"btn btn-style\" href=\"http:\/\/portalcatolico.net\/portal\/catequistas-promovem-jornada-catequetica-em-itabuna\/\">Continue Reading<\/a><\/p>\n","protected":false},"author":2,"featured_media":50117,"comment_status":"open","ping_status":"open","sticky":false,"template":"","format":"standard","meta":{"footnotes":""},"categories":[2],"tags":[],"class_list":["post-50116","post","type-post","status-publish","format-standard","has-post-thumbnail","hentry","category-eventos"],"_links":{"self":[{"href":"http:\/\/portalcatolico.net\/portal\/wp-json\/wp\/v2\/posts\/50116","targetHints":{"allow":["GET"]}}],"collection":[{"href":"http:\/\/portalcatolico.net\/portal\/wp-json\/wp\/v2\/posts"}],"about":[{"href":"http:\/\/portalcatolico.net\/portal\/wp-json\/wp\/v2\/types\/post"}],"author":[{"embeddable":true,"href":"http:\/\/portalcatolico.net\/portal\/wp-json\/wp\/v2\/users\/2"}],"replies":[{"embeddable":true,"href":"http:\/\/portalcatolico.net\/portal\/wp-json\/wp\/v2\/comments?post=50116"}],"version-history":[{"count":1,"href":"http:\/\/portalcatolico.net\/portal\/wp-json\/wp\/v2\/posts\/50116\/revisions"}],"predecessor-version":[{"id":50122,"href":"http:\/\/portalcatolico.net\/portal\/wp-json\/wp\/v2\/posts\/50116\/revisions\/50122"}],"wp:featuredmedia":[{"embeddable":true,"href":"http:\/\/portalcatolico.net\/portal\/wp-json\/wp\/v2\/media\/50117"}],"wp:attachment":[{"href":"http:\/\/portalcatolico.net\/portal\/wp-json\/wp\/v2\/media?parent=50116"}],"wp:term":[{"taxonomy":"category","embeddable":true,"href":"http:\/\/portalcatolico.net\/portal\/wp-json\/wp\/v2\/categories?post=50116"},{"taxonomy":"post_tag","embeddable":true,"href":"http:\/\/portalcatolico.net\/portal\/wp-json\/wp\/v2\/tags?post=50116"}],"curies":[{"name":"wp","href":"https:\/\/api.w.org\/{rel}","templated":true}]}}