{"id":50113,"date":"2018-02-06T05:49:35","date_gmt":"2018-02-06T08:49:35","guid":{"rendered":"http:\/\/portalcatolico.net\/portal\/?p=50113"},"modified":"2018-02-05T05:49:57","modified_gmt":"2018-02-05T08:49:57","slug":"festa-em-honra-a-nossa-senhora-de-lourdes-em-itabuna","status":"publish","type":"post","link":"http:\/\/portalcatolico.net\/portal\/festa-em-honra-a-nossa-senhora-de-lourdes-em-itabuna\/","title":{"rendered":"Festa em honra a Nossa Senhora de Lourdes em Itabuna"},"content":{"rendered":"<p style=\"font-weight: 400;\"><em>Come\u00e7am na pr\u00f3xima quinta-feira (8), \u00e0s 19h, as festividades em honra a Nossa Senhora de Lourdes em Itabuna (BA). O tema para este ano \u00e9:\u00a0\u201cCom Jesus e Maria superamos a viol\u00eancia\u201d.<\/em><\/p>\n<p style=\"font-weight: 400;\"><em>A Comunidade Nossa Senhora de Lourdes pertence \u00e0 par\u00f3quia Santa Rita de C\u00e1ssia. A santa homenageada \u00e9 padroeira do bairro Fonseca em Itabuna.<\/em><\/p>\n<p style=\"font-weight: 400;\"><em>O Tr\u00edduo segue at\u00e9 o dia 11 de fevereiro, dia em que se festeja o dia da santa. Neste dia, as comemora\u00e7\u00f5es come\u00e7am \u00e0s 5h com a Alvorada e terminam \u00e0s 18h30 com a tradicional prociss\u00e3o seguida da missa solene.<\/em><\/p>\n<p style=\"font-weight: 400;\"><em>O\u00a0Tr\u00edduo, Novena ou Trezen\u00e1rio \u00e9 uma experi\u00eancia de ora\u00e7\u00e3o com Deus durante as noites. As ora\u00e7\u00f5es s\u00e3o um meio de louvar e agradecer ao nosso Deus.<\/em><\/p>\n<p style=\"font-weight: 400;\"><em>A igreja de Nossa Senhora de Lourdes fica localizada na\u00a0Rua Alzira Fonseca, 205, bairro Fonseca. Participe desta bonita festa!<\/em><\/p>\n<p style=\"font-weight: 400;\"><em>\u00a0<\/em>Edi\u00e7\u00e3o de texto: Anara Passos (Comunic\u00f3loga- DRT 7574)<\/p>\n","protected":false},"excerpt":{"rendered":"<p>Come\u00e7am na pr\u00f3xima quinta-feira (8), \u00e0s 19h, as festividades em honra a Nossa Senhora de Lourdes em Itabuna (BA). O tema para este ano \u00e9:\u00a0\u201cCom Jesus e Maria superamos a viol\u00eancia\u201d. A Comunidade Nossa Senhora de Lourdes pertence \u00e0 par\u00f3quia Santa Rita de C\u00e1ssia. A santa homenageada \u00e9 padroeira do bairro Fonseca em Itabuna. O&nbsp;<\/p>\n<p><a class=\"btn btn-style\" href=\"http:\/\/portalcatolico.net\/portal\/festa-em-honra-a-nossa-senhora-de-lourdes-em-itabuna\/\">Continue Reading<\/a><\/p>\n","protected":false},"author":2,"featured_media":50114,"comment_status":"open","ping_status":"open","sticky":false,"template":"","format":"standard","meta":{"footnotes":""},"categories":[1],"tags":[],"class_list":["post-50113","post","type-post","status-publish","format-standard","has-post-thumbnail","hentry","category-agenda"],"_links":{"self":[{"href":"http:\/\/portalcatolico.net\/portal\/wp-json\/wp\/v2\/posts\/50113","targetHints":{"allow":["GET"]}}],"collection":[{"href":"http:\/\/portalcatolico.net\/portal\/wp-json\/wp\/v2\/posts"}],"about":[{"href":"http:\/\/portalcatolico.net\/portal\/wp-json\/wp\/v2\/types\/post"}],"author":[{"embeddable":true,"href":"http:\/\/portalcatolico.net\/portal\/wp-json\/wp\/v2\/users\/2"}],"replies":[{"embeddable":true,"href":"http:\/\/portalcatolico.net\/portal\/wp-json\/wp\/v2\/comments?post=50113"}],"version-history":[{"count":1,"href":"http:\/\/portalcatolico.net\/portal\/wp-json\/wp\/v2\/posts\/50113\/revisions"}],"predecessor-version":[{"id":50115,"href":"http:\/\/portalcatolico.net\/portal\/wp-json\/wp\/v2\/posts\/50113\/revisions\/50115"}],"wp:featuredmedia":[{"embeddable":true,"href":"http:\/\/portalcatolico.net\/portal\/wp-json\/wp\/v2\/media\/50114"}],"wp:attachment":[{"href":"http:\/\/portalcatolico.net\/portal\/wp-json\/wp\/v2\/media?parent=50113"}],"wp:term":[{"taxonomy":"category","embeddable":true,"href":"http:\/\/portalcatolico.net\/portal\/wp-json\/wp\/v2\/categories?post=50113"},{"taxonomy":"post_tag","embeddable":true,"href":"http:\/\/portalcatolico.net\/portal\/wp-json\/wp\/v2\/tags?post=50113"}],"curies":[{"name":"wp","href":"https:\/\/api.w.org\/{rel}","templated":true}]}}