{"id":50109,"date":"2018-02-04T19:36:18","date_gmt":"2018-02-04T22:36:18","guid":{"rendered":"http:\/\/portalcatolico.net\/portal\/?p=50109"},"modified":"2018-02-04T19:37:02","modified_gmt":"2018-02-04T22:37:02","slug":"comissao-romana-emitira-parecer-sobre-a-causa-de-beatificacao-do-frei-damiao-de-bozzano-em-06-de-fevereiro","status":"publish","type":"post","link":"http:\/\/portalcatolico.net\/portal\/comissao-romana-emitira-parecer-sobre-a-causa-de-beatificacao-do-frei-damiao-de-bozzano-em-06-de-fevereiro\/","title":{"rendered":"Comiss\u00e3o romana emitir\u00e1 parecer sobre a causa de Beatifica\u00e7\u00e3o do frei Dami\u00e3o de Bozzano em 06 de fevereiro"},"content":{"rendered":"<p>O frei Jociel Gomes, postulador da causa de beatifica\u00e7\u00e3o do frei Dami\u00e3o de Bozzano comunicou que no pr\u00f3ximo dia 06 de fevereiro, em Roma, na Congrega\u00e7\u00e3o das Causas dos Santos, a Comiss\u00e3o dos Te\u00f3logos vai se reunir para dar seu parecer sobre a Causa de Beatifica\u00e7\u00e3o e Canoniza\u00e7\u00e3o de frei Dami\u00e3o de Bozzano.\u00a0 O parecer, sendo positivo, ser\u00e1 apresentado ao Cardeal Angelo Amato, Prefeito da dita Congrega\u00e7\u00e3o que, ainda este ano, deve apresentar o resultado ao Sumo Pont\u00edfice. O papa Francisco, por sua vez, permitir\u00e1 a publica\u00e7\u00e3o do \u201cDecreto de Venerabilidade\u201d. Assim sendo, frei Dami\u00e3o de Bozzano ser\u00e1 declarado \u201cVener\u00e1vel\u201d. Esse \u00e9 o grande passo rumo \u00e0 beatifica\u00e7\u00e3o, pois com a comprova\u00e7\u00e3o de um milagre ocorrido p\u00f3s-morte do frade, ele poder\u00e1 ser declarado \u201cBeato\u201d. E com mais um milagre, acontecido depois da beatifica\u00e7\u00e3o, ser\u00e1 inscrito no \u00e1lbum dos santos, a canoniza\u00e7\u00e3o.<\/p>\n<p><a href=\"http:\/\/www.arquidioceseolindarecife.org\/wp-content\/uploads\/2018\/01\/coletiva1-300x225.jpg\"><img loading=\"lazy\" decoding=\"async\" class=\"size-full wp-image-41550 alignright\" src=\"http:\/\/www.arquidioceseolindarecife.org\/wp-content\/uploads\/2018\/01\/coletiva1-300x225.jpg\" alt=\"\" width=\"234\" height=\"225\" \/><\/a>Em entrevista para o site da Arquidiocese de Olinda e Recife, o frei capuchinho Jociel Gomes, postulador da causa de beatifica\u00e7\u00e3o do frei Dami\u00e3o de Bozzano, explicou que desde 2012, a \u201cfase diocesana\u201d do processo foi encerrado e desde ent\u00e3o, est\u00e1 em curso a chamada \u201cfase romana\u201d do processo. Conforme relato do postulador, na reuni\u00e3o que acontecer\u00e1 no in\u00edcio de fevereiro, em Roma, a Comiss\u00e3o dos Te\u00f3logos vai emitir um parecer sobre o reconhecimento ou n\u00e3o reconhecimento das virtudes heroicas praticadas em vida, pelo frei Dami\u00e3o de Bozzano. Caso seja reconhecida a pr\u00e1tica das virtudes heroicas, o papa Francisco, em nome da Igreja Cat\u00f3lica, autorizar\u00e1 a publica\u00e7\u00e3o do \u201cDecreto de Venerabilidade\u201d. Tal decreto abrir\u00e1 as portas ao processo de beatifica\u00e7\u00e3o e exigir\u00e1 a comprova\u00e7\u00e3o de um milagre ocorrido por meio da intercess\u00e3o p\u00f3s-morte do frei Dami\u00e3o, para que o saudoso frade capuchinho seja reconhecido Beato. A etapa seguinte, a canoniza\u00e7\u00e3o, exige tamb\u00e9m a comprova\u00e7\u00e3o de um milagre \u2013 o segundo no processo \u2013 e que tenha acontecido ap\u00f3s a declara\u00e7\u00e3o de Beato. Ou seja, s\u00e3o exigidos dois milagres comprovados para que o frei Dami\u00e3o de Bozzano seja reconhecido santo.<\/p>\n<p><a href=\"http:\/\/www.arquidioceseolindarecife.org\/wp-content\/uploads\/2018\/01\/miss%C3%B5es-frei.jpg\"><img loading=\"lazy\" decoding=\"async\" class=\"size-medium wp-image-41551 alignright\" src=\"http:\/\/www.arquidioceseolindarecife.org\/wp-content\/uploads\/2018\/01\/miss%C3%B5es-frei-300x182.jpg\" sizes=\"auto, (max-width: 300px) 100vw, 300px\" srcset=\"http:\/\/www.arquidioceseolindarecife.org\/wp-content\/uploads\/2018\/01\/miss\u00f5es-frei-300x182.jpg 300w, http:\/\/www.arquidioceseolindarecife.org\/wp-content\/uploads\/2018\/01\/miss\u00f5es-frei.jpg 700w\" alt=\"\" width=\"300\" height=\"182\" \/><\/a>Em paralelo ao andamento do processo da causa de beatifica\u00e7\u00e3o do frei Dami\u00e3o de Bozzano , na \u201cfase Romana\u201d, o frei Jociel ressalta que o trabalho dos postuladores \u00e9 incans\u00e1vel: uma comiss\u00e3o fica encarregada de investigar e de ouvir os poss\u00edveis casos de milagres, para encaminhar \u00e0 Roma, para an\u00e1lise dos Te\u00f3logos.<\/p>\n<p><a href=\"http:\/\/www.arquidioceseolindarecife.org\/wp-content\/uploads\/2018\/01\/frei-dami%C3%A3o-III.jpg\"><img loading=\"lazy\" decoding=\"async\" class=\"size-medium wp-image-41552 alignleft\" src=\"http:\/\/www.arquidioceseolindarecife.org\/wp-content\/uploads\/2018\/01\/frei-dami%C3%A3o-III-300x209.jpg\" sizes=\"auto, (max-width: 300px) 100vw, 300px\" srcset=\"http:\/\/www.arquidioceseolindarecife.org\/wp-content\/uploads\/2018\/01\/frei-dami\u00e3o-III-300x209.jpg 300w, http:\/\/www.arquidioceseolindarecife.org\/wp-content\/uploads\/2018\/01\/frei-dami\u00e3o-III-768x534.jpg 768w, http:\/\/www.arquidioceseolindarecife.org\/wp-content\/uploads\/2018\/01\/frei-dami\u00e3o-III.jpg 840w\" alt=\"\" width=\"300\" height=\"209\" \/><\/a>Conforme alerta o frei Jociel Gomes, uma s\u00e9rie de crit\u00e9rios s\u00e3o requeridos para que um milagre operado por interm\u00e9dio da intercess\u00e3o de um Servo de Deus seja o motivo de reconhecimento de beato e santo junto a Roma. Em geral, \u00e9 requerido que o milagre, no caso de doen\u00e7as, tenha proporcionado a cura DEFINITIVA (duradoura); deve haver um curto intervalo de tempo entre a ora\u00e7\u00e3o pedindo a intercess\u00e3o do candidato a santo e a obten\u00e7\u00e3o da gra\u00e7a\/cura e por \u00faltimo, os laudos e documentos comprobat\u00f3rios de cientistas e m\u00e9dicos, atestando que n\u00e3o h\u00e1 explica\u00e7\u00e3o cient\u00edfica, por parte da Ci\u00eancia e da Medicina, para a cura da pessoa. \u00a0Como exemplo, o frei Jociel conta o caso da freira que tinha Mal de Parkinson e pediu a intercess\u00e3o ao beato papa S\u00e3o Jo\u00e3o Paulo II e ficou curada. O Mal de Parkinson \u00e9 uma doen\u00e7a que a Medicina ainda n\u00e3o encontrou a cura.<\/p>\n<p>O frei Jociel faz dois apelos: que os fi\u00e9is\u00a0<strong>rezem e divulguem a ora\u00e7\u00e3o pela beatifica\u00e7\u00e3o de frei Dami\u00e3o.\u00a0<\/strong>Casos de poss\u00edveis milagres acontecidos por meio da intercess\u00e3o p\u00f3s-morte de frei Dami\u00e3o de Bozzano\u00a0<strong>devem ser comunicados para os seguintes canais de contato, aos cuidados do postulador da causa, o frei Jociel Gomes:\u00a0<a href=\"mailto:causadefreidamiao@gmail.com\">causadefreidamiao@gmail.com<\/a>\u00a0e (81)3721-3731\/ (81)3424-8500.<\/strong><\/p>\n<p style=\"text-align: left;\">Informa\u00e7\u00f5es:Arquidiocese de Recife<\/p>\n","protected":false},"excerpt":{"rendered":"<p>O frei Jociel Gomes, postulador da causa de beatifica\u00e7\u00e3o do frei Dami\u00e3o de Bozzano comunicou que no pr\u00f3ximo dia 06 de fevereiro, em Roma, na Congrega\u00e7\u00e3o das Causas dos Santos, a Comiss\u00e3o dos Te\u00f3logos vai se reunir para dar seu parecer sobre a Causa de Beatifica\u00e7\u00e3o e Canoniza\u00e7\u00e3o de frei Dami\u00e3o de Bozzano.\u00a0 O parecer,&nbsp;<\/p>\n<p><a class=\"btn btn-style\" href=\"http:\/\/portalcatolico.net\/portal\/comissao-romana-emitira-parecer-sobre-a-causa-de-beatificacao-do-frei-damiao-de-bozzano-em-06-de-fevereiro\/\">Continue Reading<\/a><\/p>\n","protected":false},"author":2,"featured_media":50110,"comment_status":"open","ping_status":"open","sticky":false,"template":"","format":"standard","meta":{"footnotes":""},"categories":[3],"tags":[],"class_list":["post-50109","post","type-post","status-publish","format-standard","has-post-thumbnail","hentry","category-noticias_regionais"],"_links":{"self":[{"href":"http:\/\/portalcatolico.net\/portal\/wp-json\/wp\/v2\/posts\/50109","targetHints":{"allow":["GET"]}}],"collection":[{"href":"http:\/\/portalcatolico.net\/portal\/wp-json\/wp\/v2\/posts"}],"about":[{"href":"http:\/\/portalcatolico.net\/portal\/wp-json\/wp\/v2\/types\/post"}],"author":[{"embeddable":true,"href":"http:\/\/portalcatolico.net\/portal\/wp-json\/wp\/v2\/users\/2"}],"replies":[{"embeddable":true,"href":"http:\/\/portalcatolico.net\/portal\/wp-json\/wp\/v2\/comments?post=50109"}],"version-history":[{"count":2,"href":"http:\/\/portalcatolico.net\/portal\/wp-json\/wp\/v2\/posts\/50109\/revisions"}],"predecessor-version":[{"id":50112,"href":"http:\/\/portalcatolico.net\/portal\/wp-json\/wp\/v2\/posts\/50109\/revisions\/50112"}],"wp:featuredmedia":[{"embeddable":true,"href":"http:\/\/portalcatolico.net\/portal\/wp-json\/wp\/v2\/media\/50110"}],"wp:attachment":[{"href":"http:\/\/portalcatolico.net\/portal\/wp-json\/wp\/v2\/media?parent=50109"}],"wp:term":[{"taxonomy":"category","embeddable":true,"href":"http:\/\/portalcatolico.net\/portal\/wp-json\/wp\/v2\/categories?post=50109"},{"taxonomy":"post_tag","embeddable":true,"href":"http:\/\/portalcatolico.net\/portal\/wp-json\/wp\/v2\/tags?post=50109"}],"curies":[{"name":"wp","href":"https:\/\/api.w.org\/{rel}","templated":true}]}}