{"id":50090,"date":"2018-02-04T08:55:33","date_gmt":"2018-02-04T11:55:33","guid":{"rendered":"http:\/\/portalcatolico.net\/portal\/?p=50090"},"modified":"2018-02-04T08:55:33","modified_gmt":"2018-02-04T11:55:33","slug":"papa-convoca-dia-de-jejum-e-oracao-pela-paz","status":"publish","type":"post","link":"http:\/\/portalcatolico.net\/portal\/papa-convoca-dia-de-jejum-e-oracao-pela-paz\/","title":{"rendered":"Papa convoca Dia de Jejum e Ora\u00e7\u00e3o pela Paz"},"content":{"rendered":"<p>\u201cAs vit\u00f3rias obtidas com a viol\u00eancia s\u00e3o falsas vit\u00f3rias\u201d. Diante do dilagar de conflitos em diversas partes do mundo, o Papa Francisco convocou para 23 de fevereiro um Dia de Jejum e Ora\u00e7\u00e3o pela Paz.<\/p>\n<p>\u201cAs vit\u00f3rias obtidas com a viol\u00eancia s\u00e3o falsas vit\u00f3rias\u201d. Diante da continua\u00e7\u00e3o de in\u00fameros conflitos em diversas partes do mundo, o Papa Francisco no Angelos deste domingo voltou a condenar a viol\u00eancia e convocou um Dia de Jejum e Ora\u00e7\u00e3o pela paz:<\/p>\n<p>\u201c<i>E agora um an\u00fancio: diante da tr\u00e1gica continua\u00e7\u00e3o de situa\u00e7\u00f5es de conflito em diversas partes do mundo, convido todos os fi\u00e9is a um Dia especial de Ora\u00e7\u00e3o e Jejum pela Paz em 23 de fevereiro pr\u00f3ximo, sexta-feira da Primeira Semana da Quaresma<\/i>\u201d.<\/p>\n<p>\u201c<i>O ofereceremos em particular pelas popula\u00e7\u00f5es da Rep\u00fablica Democr\u00e1tica do Congo e do Sud\u00e3o do sul. Como em outras ocasi\u00f5es similares, convido tamb\u00e9m os irm\u00e3os e irm\u00e3s n\u00e3o cat\u00f3licos e n\u00e3o crist\u00e3os para se associarem a esta iniciativa nas modalidades que considerarem mais oportunas, mas todos juntos<\/i>\u201d.<\/p>\n<p>O Santo Padre recordou que \u201co nosso Pai Celeste escuta sempre os seus filhos que gritam a Ele na dor e na ang\u00fastia, \u201ccura os cora\u00e7\u00f5es feridos e enfaixa \u00a0suas feridas\u201d\u201d.<\/p>\n<p>O Pont\u00edfice tamb\u00e9m dirigiu um apelo, para que tamb\u00e9m cada um de n\u00f3s tamb\u00e9m ou\u00e7a este grito e que cada um, diante de Deus, pergunte na pr\u00f3pria consci\u00eancia: \u201cO que eu posso fazer pela paz?\u201d:<\/p>\n<p>\u201c<i>Certamente podemos rezar; mas n\u00e3o s\u00f3. Cada um pode dizer concretamente \u201cn\u00e3o\u201d \u00e0 viol\u00eancia naquilo que depender dele ou dela Porque as vit\u00f3rias obtidas com a viol\u00eancia s\u00e3o falsas vit\u00f3rias; enquanto trabalhar pela paz faz bem a todos<\/i>!\u201d(Vaticannews)<\/p>\n","protected":false},"excerpt":{"rendered":"<p>\u201cAs vit\u00f3rias obtidas com a viol\u00eancia s\u00e3o falsas vit\u00f3rias\u201d. Diante do dilagar de conflitos em diversas partes do mundo, o Papa Francisco convocou para 23 de fevereiro um Dia de Jejum e Ora\u00e7\u00e3o pela Paz. \u201cAs vit\u00f3rias obtidas com a viol\u00eancia s\u00e3o falsas vit\u00f3rias\u201d. Diante da continua\u00e7\u00e3o de in\u00fameros conflitos em diversas partes do mundo,&nbsp;<\/p>\n<p><a class=\"btn btn-style\" href=\"http:\/\/portalcatolico.net\/portal\/papa-convoca-dia-de-jejum-e-oracao-pela-paz\/\">Continue Reading<\/a><\/p>\n","protected":false},"author":2,"featured_media":50091,"comment_status":"open","ping_status":"open","sticky":false,"template":"","format":"standard","meta":{"footnotes":""},"categories":[5],"tags":[],"class_list":["post-50090","post","type-post","status-publish","format-standard","has-post-thumbnail","hentry","category-igreja_no_mundo"],"_links":{"self":[{"href":"http:\/\/portalcatolico.net\/portal\/wp-json\/wp\/v2\/posts\/50090","targetHints":{"allow":["GET"]}}],"collection":[{"href":"http:\/\/portalcatolico.net\/portal\/wp-json\/wp\/v2\/posts"}],"about":[{"href":"http:\/\/portalcatolico.net\/portal\/wp-json\/wp\/v2\/types\/post"}],"author":[{"embeddable":true,"href":"http:\/\/portalcatolico.net\/portal\/wp-json\/wp\/v2\/users\/2"}],"replies":[{"embeddable":true,"href":"http:\/\/portalcatolico.net\/portal\/wp-json\/wp\/v2\/comments?post=50090"}],"version-history":[{"count":1,"href":"http:\/\/portalcatolico.net\/portal\/wp-json\/wp\/v2\/posts\/50090\/revisions"}],"predecessor-version":[{"id":50092,"href":"http:\/\/portalcatolico.net\/portal\/wp-json\/wp\/v2\/posts\/50090\/revisions\/50092"}],"wp:featuredmedia":[{"embeddable":true,"href":"http:\/\/portalcatolico.net\/portal\/wp-json\/wp\/v2\/media\/50091"}],"wp:attachment":[{"href":"http:\/\/portalcatolico.net\/portal\/wp-json\/wp\/v2\/media?parent=50090"}],"wp:term":[{"taxonomy":"category","embeddable":true,"href":"http:\/\/portalcatolico.net\/portal\/wp-json\/wp\/v2\/categories?post=50090"},{"taxonomy":"post_tag","embeddable":true,"href":"http:\/\/portalcatolico.net\/portal\/wp-json\/wp\/v2\/tags?post=50090"}],"curies":[{"name":"wp","href":"https:\/\/api.w.org\/{rel}","templated":true}]}}