{"id":50086,"date":"2018-02-04T08:52:38","date_gmt":"2018-02-04T11:52:38","guid":{"rendered":"http:\/\/portalcatolico.net\/portal\/?p=50086"},"modified":"2018-02-04T08:52:38","modified_gmt":"2018-02-04T11:52:38","slug":"dom-jailton-celebra-a-primeira-missa-na-diocese-de-teixeira-de-freitas-caravelas","status":"publish","type":"post","link":"http:\/\/portalcatolico.net\/portal\/dom-jailton-celebra-a-primeira-missa-na-diocese-de-teixeira-de-freitas-caravelas\/","title":{"rendered":"Dom Jailton celebra a primeira missa na Diocese de Teixeira de Freitas \/ Caravelas"},"content":{"rendered":"<p>Com o cora\u00e7\u00e3o alegre e grato a Deus por mais uma Festa em honra \u00e0 Nossa Senhora da Purifica\u00e7\u00e3o, que os paroquianos da Par\u00f3quia Nossa Senhora da Purifica\u00e7\u00e3o do Prado recebem Dom Jailton de Oliveira Lino, novo bispo da Diocese de Teixeira de Freitas\/Caravelas, aos dois dias de fevereiro de 2018.<img loading=\"lazy\" decoding=\"async\" class=\" wp-image-50088 alignright\" src=\"http:\/\/portalcatolico.net\/portal\/wp-content\/uploads\/2018\/02\/0b2a616d-fd85-4536-9875-7f22b694f237-1-600x800-225x300.jpg\" alt=\"0b2a616d-fd85-4536-9875-7f22b694f237-1-600x800\" width=\"147\" height=\"196\" srcset=\"http:\/\/portalcatolico.net\/portal\/wp-content\/uploads\/2018\/02\/0b2a616d-fd85-4536-9875-7f22b694f237-1-600x800-225x300.jpg 225w, http:\/\/portalcatolico.net\/portal\/wp-content\/uploads\/2018\/02\/0b2a616d-fd85-4536-9875-7f22b694f237-1-600x800.jpg 600w\" sizes=\"auto, (max-width: 147px) 100vw, 147px\" \/><\/p>\n<p>Dom Jailton chegou ao aeroporto de Teixeira de Freitas na quinta-feira, \u00e0s 13:30h, onde foi recebido pelos sacerdotes membros do Col\u00e9gio de Consultores da diocese e outras lideran\u00e7as religiosas.<\/p>\n<p><em>\u201c\u00c9 uma alegria muito grande, desejei muito que chegasse esse dia. Celebrar a primeira missa, esse primeiro momento meu ter acontecido numa Igreja, numa Par\u00f3quia dedicada \u00e0 M\u00e3e de Deus. \u00c0 ela quero consagrar o meu minist\u00e9rio, que ela interceda por esse minist\u00e9rio episcopal a ser desenvolvido nessa Diocese de Teixeira de Freitas\/Caravelas. Por isso, \u00e9 uma emo\u00e7\u00e3o muito grande estar aqui aos p\u00e9s de Maria, Nossa Senhora da Purifica\u00e7\u00e3o, entregando \u00e0 ela todo servi\u00e7o que espero fazer com muito entusiasmo, muita dedica\u00e7\u00e3o e com muita paix\u00e3o.\u201d<\/em><strong>\u00a0Dom Jailton de Oliveira Lino<\/strong><\/p>\n<p>Informa\u00e7\u00f5es e fotos:Diocese de Teixeira de Freitas\/Caravelas (BA)<\/p>\n","protected":false},"excerpt":{"rendered":"<p>Com o cora\u00e7\u00e3o alegre e grato a Deus por mais uma Festa em honra \u00e0 Nossa Senhora da Purifica\u00e7\u00e3o, que os paroquianos da Par\u00f3quia Nossa Senhora da Purifica\u00e7\u00e3o do Prado recebem Dom Jailton de Oliveira Lino, novo bispo da Diocese de Teixeira de Freitas\/Caravelas, aos dois dias de fevereiro de 2018. Dom Jailton chegou ao&nbsp;<\/p>\n<p><a class=\"btn btn-style\" href=\"http:\/\/portalcatolico.net\/portal\/dom-jailton-celebra-a-primeira-missa-na-diocese-de-teixeira-de-freitas-caravelas\/\">Continue Reading<\/a><\/p>\n","protected":false},"author":2,"featured_media":50087,"comment_status":"open","ping_status":"open","sticky":false,"template":"","format":"standard","meta":{"footnotes":""},"categories":[3],"tags":[],"class_list":["post-50086","post","type-post","status-publish","format-standard","has-post-thumbnail","hentry","category-noticias_regionais"],"_links":{"self":[{"href":"http:\/\/portalcatolico.net\/portal\/wp-json\/wp\/v2\/posts\/50086","targetHints":{"allow":["GET"]}}],"collection":[{"href":"http:\/\/portalcatolico.net\/portal\/wp-json\/wp\/v2\/posts"}],"about":[{"href":"http:\/\/portalcatolico.net\/portal\/wp-json\/wp\/v2\/types\/post"}],"author":[{"embeddable":true,"href":"http:\/\/portalcatolico.net\/portal\/wp-json\/wp\/v2\/users\/2"}],"replies":[{"embeddable":true,"href":"http:\/\/portalcatolico.net\/portal\/wp-json\/wp\/v2\/comments?post=50086"}],"version-history":[{"count":1,"href":"http:\/\/portalcatolico.net\/portal\/wp-json\/wp\/v2\/posts\/50086\/revisions"}],"predecessor-version":[{"id":50089,"href":"http:\/\/portalcatolico.net\/portal\/wp-json\/wp\/v2\/posts\/50086\/revisions\/50089"}],"wp:featuredmedia":[{"embeddable":true,"href":"http:\/\/portalcatolico.net\/portal\/wp-json\/wp\/v2\/media\/50087"}],"wp:attachment":[{"href":"http:\/\/portalcatolico.net\/portal\/wp-json\/wp\/v2\/media?parent=50086"}],"wp:term":[{"taxonomy":"category","embeddable":true,"href":"http:\/\/portalcatolico.net\/portal\/wp-json\/wp\/v2\/categories?post=50086"},{"taxonomy":"post_tag","embeddable":true,"href":"http:\/\/portalcatolico.net\/portal\/wp-json\/wp\/v2\/tags?post=50086"}],"curies":[{"name":"wp","href":"https:\/\/api.w.org\/{rel}","templated":true}]}}