{"id":50082,"date":"2018-02-03T21:09:50","date_gmt":"2018-02-04T00:09:50","guid":{"rendered":"http:\/\/portalcatolico.net\/portal\/?p=50082"},"modified":"2018-02-03T21:09:50","modified_gmt":"2018-02-04T00:09:50","slug":"iii-saciai-vos-acontece-na-diocese-de-ilheus","status":"publish","type":"post","link":"http:\/\/portalcatolico.net\/portal\/iii-saciai-vos-acontece-na-diocese-de-ilheus\/","title":{"rendered":"III Saciai-vos acontece na Diocese de  Ilh\u00e9us"},"content":{"rendered":"<p><em>Que tal viver uma nova experi\u00eancia na \u00e9poca do carnaval?\u00a0Uma experi\u00eancia com Cristo, com muita m\u00fasica, dan\u00e7a, alegria de verdade, amizade, paz, celebra\u00e7\u00e3o do santo sacrif\u00edcio da Santa missa, prega\u00e7\u00f5es, momentos de ora\u00e7\u00e3o, adora\u00e7\u00e3o, e aquela experi\u00eancia que se faz cada vez que entramos em um grupo de ora\u00e7\u00e3o: o batismo no Esp\u00edrito Santo.<\/em><\/p>\n<p><em>O III\u00a0Saciai-vos\u00a0trata-se do encontro de carnaval nos dias 11,12 e13 de fevereiro de\u00a02018 na cidade e Diocese de Ilh\u00e9us no sul da Bahia.<\/em><\/p>\n<p><em>J\u00e1 comece a se preparar para este grande encontro na presen\u00e7a do Senhor, onde a verdadeira alegria n\u00e3o se acaba na quarta- feira de cinzas.<\/em><\/p>\n<p><em>Vem pro saciai-vos\u00a0com sua fam\u00edlia!<\/em><\/p>\n<p><em>Confira \u00a0mais informa\u00e7\u00f5es na p\u00e1gina da RCC da Diocese de ilh\u00e9us.\u00a0<a href=\"https:\/\/www.facebook.com\/rcc.ilheus\">https:\/\/www.facebook.com\/rcc.ilheus<\/a><\/em><\/p>\n<p>Texto:Reda\u00e7\u00e3o Portal Catolico.net<\/p>\n","protected":false},"excerpt":{"rendered":"<p>Que tal viver uma nova experi\u00eancia na \u00e9poca do carnaval?\u00a0Uma experi\u00eancia com Cristo, com muita m\u00fasica, dan\u00e7a, alegria de verdade, amizade, paz, celebra\u00e7\u00e3o do santo sacrif\u00edcio da Santa missa, prega\u00e7\u00f5es, momentos de ora\u00e7\u00e3o, adora\u00e7\u00e3o, e aquela experi\u00eancia que se faz cada vez que entramos em um grupo de ora\u00e7\u00e3o: o batismo no Esp\u00edrito Santo. O&nbsp;<\/p>\n<p><a class=\"btn btn-style\" href=\"http:\/\/portalcatolico.net\/portal\/iii-saciai-vos-acontece-na-diocese-de-ilheus\/\">Continue Reading<\/a><\/p>\n","protected":false},"author":2,"featured_media":50083,"comment_status":"open","ping_status":"open","sticky":false,"template":"","format":"standard","meta":{"footnotes":""},"categories":[1],"tags":[],"class_list":["post-50082","post","type-post","status-publish","format-standard","has-post-thumbnail","hentry","category-agenda"],"_links":{"self":[{"href":"http:\/\/portalcatolico.net\/portal\/wp-json\/wp\/v2\/posts\/50082","targetHints":{"allow":["GET"]}}],"collection":[{"href":"http:\/\/portalcatolico.net\/portal\/wp-json\/wp\/v2\/posts"}],"about":[{"href":"http:\/\/portalcatolico.net\/portal\/wp-json\/wp\/v2\/types\/post"}],"author":[{"embeddable":true,"href":"http:\/\/portalcatolico.net\/portal\/wp-json\/wp\/v2\/users\/2"}],"replies":[{"embeddable":true,"href":"http:\/\/portalcatolico.net\/portal\/wp-json\/wp\/v2\/comments?post=50082"}],"version-history":[{"count":1,"href":"http:\/\/portalcatolico.net\/portal\/wp-json\/wp\/v2\/posts\/50082\/revisions"}],"predecessor-version":[{"id":50084,"href":"http:\/\/portalcatolico.net\/portal\/wp-json\/wp\/v2\/posts\/50082\/revisions\/50084"}],"wp:featuredmedia":[{"embeddable":true,"href":"http:\/\/portalcatolico.net\/portal\/wp-json\/wp\/v2\/media\/50083"}],"wp:attachment":[{"href":"http:\/\/portalcatolico.net\/portal\/wp-json\/wp\/v2\/media?parent=50082"}],"wp:term":[{"taxonomy":"category","embeddable":true,"href":"http:\/\/portalcatolico.net\/portal\/wp-json\/wp\/v2\/categories?post=50082"},{"taxonomy":"post_tag","embeddable":true,"href":"http:\/\/portalcatolico.net\/portal\/wp-json\/wp\/v2\/tags?post=50082"}],"curies":[{"name":"wp","href":"https:\/\/api.w.org\/{rel}","templated":true}]}}