{"id":50079,"date":"2018-02-03T18:36:45","date_gmt":"2018-02-03T21:36:45","guid":{"rendered":"http:\/\/portalcatolico.net\/portal\/?p=50079"},"modified":"2018-02-03T18:36:45","modified_gmt":"2018-02-03T21:36:45","slug":"procissao-marca-chegada-de-dom-aldemiro-novo-bispo-da-diocese-de-guarabira","status":"publish","type":"post","link":"http:\/\/portalcatolico.net\/portal\/procissao-marca-chegada-de-dom-aldemiro-novo-bispo-da-diocese-de-guarabira\/","title":{"rendered":"PROCISS\u00c3O MARCA CHEGADA DE DOM ALDEMIRO NOVO BISPO DA DIOCESE DE GUARABIRA"},"content":{"rendered":"<p>Fi\u00e9is participaram da prociss\u00e3o de Nossa Senhora da Luz na tarde desta sexta-feira (2), na cidade de Guarabira, brejo paraibano.\u00a0A caminhada marcou a chegada do Quarto Bispo Diocesano.<\/p>\n<p>A manifesta\u00e7\u00e3o foi o in\u00edcio da programa\u00e7\u00e3o de acolhida ao novo Bispo da Diocese de Guarabira, Aldemiro Sena, que revelou estar feliz com o momento.<\/p>\n<p>&#8220;\u00c9 com muita alegria que venho da Bahia para Para\u00edba, aqui nessa terra de Guarabira, sinto-me muito feliz e ao mesmo tempo agradecido a Deus por tudo. Aquilo que ele tem feito e realizado sobre tudo aqui nesta Diocese, sobretudo hoje, na Festa da Luz, como n\u00f3s ent\u00e3o vimos um tapete vivo de uma grande multid\u00e3o, isso causa um impacto muito bom, al\u00e9m da alegria por servir ao Senhor&#8221;, disse.<\/p>\n<p>Muitos fi\u00e9is vieram\u00a0da Bahia para prestigiar o evento.<\/p>\n<p>&#8220;L\u00e1 em Ilh\u00e9us eu trabalhei 25 anos praticamente dentro da cidade e muitas pessoas vieram para prestigiar e agradecer a Deus por esse momento t\u00e3o importante na minha vida, como tamb\u00e9m para cidade. N\u00e3o posso falar em desafios, porque ainda preciso firmar os p\u00e9s aqui, e aquilo que estiver ao meu alcance estarei aqui para contribuir com o reino de Deus aqui nessas terras da rainha do Brejo, Guarabira&#8221;, completou.<\/p>\n<p>Dom Aldemiro Sena em sua reflex\u00e3o lembrou os bispos que por aqui passaram e realizaram um bel\u00edssimo trabalho, o mesmo lembrou do saudoso bispo da ternura dom Marcelo, lembrou do dom Ant\u00f4nio Muniz e da pessoa de dom Lucena, esse ultimo bispo da Diocese e que estava prestigiando a posse de dom Aldemiro.<\/p>\n<p>A Diocese de Guarabira \u00e9 composta por trinta par\u00f3quias e dua \u00c1reas Pastorais, e tem tr\u00eas Santu\u00e1rios.<\/p>\n<p>V\u00e1rios bispos, arcebispo e padres do Regional Nordeste dois e do Regional Nordeste tr\u00eas prestigiaram a posse de dom Aldemiro al\u00e9m de algumas autoridades politicas e civis do Estado da Paraiba.<\/p>\n<p>Fonte e foto:Catedral Nossa Senhora da luz\/Diocese de Guarabira (PB)<\/p>\n","protected":false},"excerpt":{"rendered":"<p>Fi\u00e9is participaram da prociss\u00e3o de Nossa Senhora da Luz na tarde desta sexta-feira (2), na cidade de Guarabira, brejo paraibano.\u00a0A caminhada marcou a chegada do Quarto Bispo Diocesano. A manifesta\u00e7\u00e3o foi o in\u00edcio da programa\u00e7\u00e3o de acolhida ao novo Bispo da Diocese de Guarabira, Aldemiro Sena, que revelou estar feliz com o momento. &#8220;\u00c9 com&nbsp;<\/p>\n<p><a class=\"btn btn-style\" href=\"http:\/\/portalcatolico.net\/portal\/procissao-marca-chegada-de-dom-aldemiro-novo-bispo-da-diocese-de-guarabira\/\">Continue Reading<\/a><\/p>\n","protected":false},"author":2,"featured_media":50080,"comment_status":"open","ping_status":"open","sticky":false,"template":"","format":"standard","meta":{"footnotes":""},"categories":[3],"tags":[],"class_list":["post-50079","post","type-post","status-publish","format-standard","has-post-thumbnail","hentry","category-noticias_regionais"],"_links":{"self":[{"href":"http:\/\/portalcatolico.net\/portal\/wp-json\/wp\/v2\/posts\/50079","targetHints":{"allow":["GET"]}}],"collection":[{"href":"http:\/\/portalcatolico.net\/portal\/wp-json\/wp\/v2\/posts"}],"about":[{"href":"http:\/\/portalcatolico.net\/portal\/wp-json\/wp\/v2\/types\/post"}],"author":[{"embeddable":true,"href":"http:\/\/portalcatolico.net\/portal\/wp-json\/wp\/v2\/users\/2"}],"replies":[{"embeddable":true,"href":"http:\/\/portalcatolico.net\/portal\/wp-json\/wp\/v2\/comments?post=50079"}],"version-history":[{"count":1,"href":"http:\/\/portalcatolico.net\/portal\/wp-json\/wp\/v2\/posts\/50079\/revisions"}],"predecessor-version":[{"id":50081,"href":"http:\/\/portalcatolico.net\/portal\/wp-json\/wp\/v2\/posts\/50079\/revisions\/50081"}],"wp:featuredmedia":[{"embeddable":true,"href":"http:\/\/portalcatolico.net\/portal\/wp-json\/wp\/v2\/media\/50080"}],"wp:attachment":[{"href":"http:\/\/portalcatolico.net\/portal\/wp-json\/wp\/v2\/media?parent=50079"}],"wp:term":[{"taxonomy":"category","embeddable":true,"href":"http:\/\/portalcatolico.net\/portal\/wp-json\/wp\/v2\/categories?post=50079"},{"taxonomy":"post_tag","embeddable":true,"href":"http:\/\/portalcatolico.net\/portal\/wp-json\/wp\/v2\/tags?post=50079"}],"curies":[{"name":"wp","href":"https:\/\/api.w.org\/{rel}","templated":true}]}}