{"id":49996,"date":"2018-02-02T22:21:18","date_gmt":"2018-02-03T01:21:18","guid":{"rendered":"http:\/\/portalcatolico.net\/portal\/?p=49996"},"modified":"2018-02-03T06:24:42","modified_gmt":"2018-02-03T09:24:42","slug":"padre-calazans-assume-paroquia-em-itape","status":"publish","type":"post","link":"http:\/\/portalcatolico.net\/portal\/padre-calazans-assume-paroquia-em-itape\/","title":{"rendered":"Padre Calazans  assume Par\u00f3quia em Itap\u00e9"},"content":{"rendered":"<p class=\"m_-5256183308113855417xgmail-msonospacing\"><em>A Par\u00f3quia Bom Jesus, em\u00a0\u00a0Itap\u00e9 (BA), acolheu seu novo p\u00e1roco nesta\u00a0\u00a0quinta-feira (01). Ap\u00f3s 13 anos de servi\u00e7o pastoral na Par\u00f3quia Nossa Senhora da Concei\u00e7\u00e3o, em Itabuna (BA), o padre\u00a0Ant\u00f4nio Carlos Santos Calazans foi empossado na missa de posse que aconteceu \u00e0s 19h30, diante do bispo da Diocese de Itabuna, Dom Carlos Alberto dos Santos, demais padres, di\u00e1conos, fieis, amigos e familiares.<\/em><u><\/u><u><\/u><\/p>\n<p class=\"m_-5256183308113855417xgmail-msonospacing\"><em>A celebra\u00e7\u00e3o Eucar\u00edstica come\u00e7ou com a leitura da provis\u00e3o por padre Jos\u00e9 Roberto, chanceler provis\u00f3rio\u00a0\u00a0da c\u00faria.<\/em><u><\/u><u><\/u><\/p>\n<p class=\"m_-5256183308113855417xgmail-msonospacing\"><em>Durante a celebra\u00e7\u00e3o, o Bispo realizou os tradicionais procedimentos de tomada de posse do novo p\u00e1roco. Na oportunidade, Padre Calazans renovou as promessas sacerdotais, recebeu\u00a0\u00a0do Bispo os diversos instrumentos de sua miss\u00e3o como: livros dos evangelhos, as chaves da Igreja, a chave do Sacr\u00e1rio (um momento de Adora\u00e7\u00e3o ao Sant\u00edssimo Sacramento), o Batist\u00e9rio e o Confession\u00e1rio, a Estola roxa para o uso cotidiano, e em seguida, fez o juramento de fidelidade.<u><\/u><u><\/u><\/em><\/p>\n<p class=\"m_-5256183308113855417xgmail-msonospacing\"><em>Padre Calazans aproveitou o momento para fazer alguns agradecimentos: \u201cQuero agradecer a toda comunidade da Par\u00f3quia Nossa Senhora da Concei\u00e7\u00e3o. Muito obrigada por todo carinho! Muito obrigada por tudo! Quero agradecer tamb\u00e9m aos amigos que vieram, \u00e0 minha fam\u00edlia, aos meus colegas. E um obrigado especial \u00e0 maneira como estou sendo acolhido por essa par\u00f3quia!\u201d<u><\/u><u><\/u><\/em><\/p>\n<p class=\"m_-5256183308113855417xgmail-msonospacing\"><em>Ao final da homilia, Dom Carlos Alberto disse ao Padre Calazans: \u201cSeja bem-vindo a esta par\u00f3quia, que Deus te aben\u00e7oe com muito sucesso. Todos os padres est\u00e3o aqui para dizer: \u2018Conte conosco!\u2019 Estamos aqui para somar!\u201d.<u><\/u><u><\/u><\/em><\/p>\n<p class=\"m_-5256183308113855417xgmail-msonospacing\"><em>O Portal Cat\u00f3lico tamb\u00e9m deseja muito sucesso ao Padre Calazans nesta\u00a0\u00a0sua nova etapa de evangeliza\u00e7\u00e3o.<u><\/u><u><\/u><\/em><\/p>\n<p class=\"m_-5256183308113855417xgmail-msonospacing\"><em><u><\/u>\u00a0<\/em><em>Reportagem e fotos: Valdeni Elias<u><\/u><u><\/u><\/em><\/p>\n<p class=\"m_-5256183308113855417xgmail-msonospacing\"><em>Edi\u00e7\u00e3o de texto: Anara Passos<\/em><\/p>\n<p>Confira mais fotos, s\u00f3 clicar: <a href=\"http:\/\/portalcatolico.net\/portal\/index.php\/posse-de-pe-antonio-calazans-em-itape\/\"><span style=\"color: #ff0000;\">AQUI<\/span><\/a><\/p>\n","protected":false},"excerpt":{"rendered":"<p>A Par\u00f3quia Bom Jesus, em\u00a0\u00a0Itap\u00e9 (BA), acolheu seu novo p\u00e1roco nesta\u00a0\u00a0quinta-feira (01). Ap\u00f3s 13 anos de servi\u00e7o pastoral na Par\u00f3quia Nossa Senhora da Concei\u00e7\u00e3o, em Itabuna (BA), o padre\u00a0Ant\u00f4nio Carlos Santos Calazans foi empossado na missa de posse que aconteceu \u00e0s 19h30, diante do bispo da Diocese de Itabuna, Dom Carlos Alberto dos Santos, demais&nbsp;<\/p>\n<p><a class=\"btn btn-style\" href=\"http:\/\/portalcatolico.net\/portal\/padre-calazans-assume-paroquia-em-itape\/\">Continue Reading<\/a><\/p>\n","protected":false},"author":2,"featured_media":49997,"comment_status":"open","ping_status":"open","sticky":false,"template":"","format":"standard","meta":{"footnotes":""},"categories":[68],"tags":[],"class_list":["post-49996","post","type-post","status-publish","format-standard","has-post-thumbnail","hentry","category-homilias"],"_links":{"self":[{"href":"http:\/\/portalcatolico.net\/portal\/wp-json\/wp\/v2\/posts\/49996","targetHints":{"allow":["GET"]}}],"collection":[{"href":"http:\/\/portalcatolico.net\/portal\/wp-json\/wp\/v2\/posts"}],"about":[{"href":"http:\/\/portalcatolico.net\/portal\/wp-json\/wp\/v2\/types\/post"}],"author":[{"embeddable":true,"href":"http:\/\/portalcatolico.net\/portal\/wp-json\/wp\/v2\/users\/2"}],"replies":[{"embeddable":true,"href":"http:\/\/portalcatolico.net\/portal\/wp-json\/wp\/v2\/comments?post=49996"}],"version-history":[{"count":1,"href":"http:\/\/portalcatolico.net\/portal\/wp-json\/wp\/v2\/posts\/49996\/revisions"}],"predecessor-version":[{"id":49998,"href":"http:\/\/portalcatolico.net\/portal\/wp-json\/wp\/v2\/posts\/49996\/revisions\/49998"}],"wp:featuredmedia":[{"embeddable":true,"href":"http:\/\/portalcatolico.net\/portal\/wp-json\/wp\/v2\/media\/49997"}],"wp:attachment":[{"href":"http:\/\/portalcatolico.net\/portal\/wp-json\/wp\/v2\/media?parent=49996"}],"wp:term":[{"taxonomy":"category","embeddable":true,"href":"http:\/\/portalcatolico.net\/portal\/wp-json\/wp\/v2\/categories?post=49996"},{"taxonomy":"post_tag","embeddable":true,"href":"http:\/\/portalcatolico.net\/portal\/wp-json\/wp\/v2\/tags?post=49996"}],"curies":[{"name":"wp","href":"https:\/\/api.w.org\/{rel}","templated":true}]}}