{"id":49993,"date":"2018-02-02T13:51:41","date_gmt":"2018-02-02T16:51:41","guid":{"rendered":"http:\/\/portalcatolico.net\/portal\/?p=49993"},"modified":"2018-02-02T13:51:41","modified_gmt":"2018-02-02T16:51:41","slug":"papa-condena-novamente-a-violencia-em-nome-de-deus-e-uma-das-maiores-blasfemias","status":"publish","type":"post","link":"http:\/\/portalcatolico.net\/portal\/papa-condena-novamente-a-violencia-em-nome-de-deus-e-uma-das-maiores-blasfemias\/","title":{"rendered":"Papa condena novamente a viol\u00eancia em nome de Deus: \u00c9 uma das maiores blasf\u00eamias"},"content":{"rendered":"<p>O Papa Francisco condenou novamente a viol\u00eancia e o terrorismo em nome de Deus e da religi\u00e3o e advertiu que \u00e9 uma das maiores blasf\u00eamias.<\/p>\n<p>Assim o indicou durante uma audi\u00eancia concedida na Sala Clementina do Pal\u00e1cio Apost\u00f3lico do Vaticano aos participantes da Confer\u00eancia \u201cCombater a viol\u00eancia praticada em nome da religi\u00e3o\u201d, que est\u00e1 acontecendo em Roma com a presen\u00e7a de l\u00edderes pol\u00edticos e autoridades religiosas.<\/p>\n<p>Francisco destacou que um dos pontos fortes desta Confer\u00eancia \u00e9 o envolvimento de pessoas com responsabilidades espec\u00edficas que podem colaborar com poss\u00edveis solu\u00e7\u00f5es para a viol\u00eancia cometida em nome da religi\u00e3o e propor maneiras de preveni-la.<\/p>\n<p>\u201c\u00c9 muito significativo que os l\u00edderes pol\u00edticos e religiosos se encontrem e discutam como combater a viol\u00eancia em nome da religi\u00e3o\u201d, sublinhou.<\/p>\n<p>Em seu discurso, o Papa repetiu \u201co que eu j\u00e1 disse em outras ocasi\u00f5es, especialmente durante a minha viagem ao Egito: Deus, amante da\u00a0vida, n\u00e3o se cansa de amar o homem e, por isso, o exorta a combater a viol\u00eancia\u201d.<\/p>\n<p>\u201cS\u00e3o as religi\u00f5es que, principalmente, est\u00e3o chamadas hoje a levar a cabo este imperativo porque, enquanto estamos precisando urgentemente do Absoluto, \u00e9 essencial excluir qualquer absolutiza\u00e7\u00e3o que justifique formas de viol\u00eancia\u201d.<\/p>\n<p>De fato, \u201ca viol\u00eancia \u00e9 a nega\u00e7\u00e3o de toda religiosidade aut\u00eantica. Somos obrigados a denunciar viola\u00e7\u00f5es contra a dignidade humana e contra os direitos humanos, a denunciar as tentativas de justificar todas as formas de \u00f3dio em nome da religi\u00e3o e conden\u00e1-las como falsifica\u00e7\u00f5es id\u00f3latras de Deus\u201d.<\/p>\n<p>O Papa insistiu o seu recha\u00e7o a todas as formas de viol\u00eancia em nome da religi\u00e3o: \u201cA viol\u00eancia veiculada e praticada em nome da religi\u00e3o s\u00f3 pode atrair descr\u00e9dito em rela\u00e7\u00e3o \u00e0 pr\u00f3pria religi\u00e3o; como tal, deve ser condenada por todos e, com convic\u00e7\u00e3o especial, pelo homem autenticamente religioso, que sabe que em Deus n\u00e3o pode haver espa\u00e7o para o \u00f3dio, o rancor e a vingan\u00e7a\u201d.<\/p>\n<p>\u201cA pessoa religiosa \u2013 continuou o Santo Padre \u2013 sabe que uma das maiores blasf\u00eamias \u00e9 chamar Deus como garante dos pr\u00f3prios pecados e crimes, de cham\u00e1-lo para justificar o homic\u00eddio, o massacre, a escravid\u00e3o, a explora\u00e7\u00e3o, a opress\u00e3o e a persegui\u00e7\u00e3o de pessoas e popula\u00e7\u00f5es inteiras\u201d.<\/p>\n<p>Nesse sentido, tamb\u00e9m afirmou que \u201ca pessoa religiosa sabe que Deus \u00e9 o Santo e que ningu\u00e9m pode pretender se apropriar do seu nome para fazer o mal. Todo l\u00edder religioso \u00e9 chamado a desmascarar qualquer tentativa de manipular Deus para objetivos que n\u00e3o t\u00eam nada a ver com Ele e sua gl\u00f3ria\u201d.<\/p>\n<p>\u201c\u00c9 necess\u00e1rio mostrar que toda vida humana tem em si mesma um car\u00e1ter sagrado que merece respeito, considera\u00e7\u00e3o, compaix\u00e3o, solidariedade, independentemente da etnia, da religi\u00e3o, da cultura, da orienta\u00e7\u00e3o religiosa ou pol\u00edtica\u201d.<\/p>\n<p>Do mesmo modo, assegurou que \u201ca perten\u00e7a a uma determinada religi\u00e3o n\u00e3o d\u00e1 nenhuma dignidade ou direitos suplementares aos que se aderem a ela, assim como a n\u00e3o perten\u00e7a no te torna pior\u201d.<\/p>\n<p>O Papa Francisco concluiu o seu discurso pedindo maior empenho dos l\u00edderes pol\u00edticos e religiosos, assim como educadores e agentes da comunica\u00e7\u00e3o, para \u201cdetectar algu\u00e9m que tenha sido tentado pelas formas perversas de uma religiosidade deformada, que n\u00e3o t\u00eam nada a ver com o testemunho de uma religi\u00e3o digna de tal nome\u201d.(ACI Digital)<\/p>\n<p>Papa Francisco. Foto: Daniel Ib\u00e1\u00f1ez \/ ACI Prensa<\/p>\n","protected":false},"excerpt":{"rendered":"<p>O Papa Francisco condenou novamente a viol\u00eancia e o terrorismo em nome de Deus e da religi\u00e3o e advertiu que \u00e9 uma das maiores blasf\u00eamias. Assim o indicou durante uma audi\u00eancia concedida na Sala Clementina do Pal\u00e1cio Apost\u00f3lico do Vaticano aos participantes da Confer\u00eancia \u201cCombater a viol\u00eancia praticada em nome da religi\u00e3o\u201d, que est\u00e1 acontecendo&nbsp;<\/p>\n<p><a class=\"btn btn-style\" href=\"http:\/\/portalcatolico.net\/portal\/papa-condena-novamente-a-violencia-em-nome-de-deus-e-uma-das-maiores-blasfemias\/\">Continue Reading<\/a><\/p>\n","protected":false},"author":2,"featured_media":49994,"comment_status":"open","ping_status":"open","sticky":false,"template":"","format":"standard","meta":{"footnotes":""},"categories":[5],"tags":[],"class_list":["post-49993","post","type-post","status-publish","format-standard","has-post-thumbnail","hentry","category-igreja_no_mundo"],"_links":{"self":[{"href":"http:\/\/portalcatolico.net\/portal\/wp-json\/wp\/v2\/posts\/49993","targetHints":{"allow":["GET"]}}],"collection":[{"href":"http:\/\/portalcatolico.net\/portal\/wp-json\/wp\/v2\/posts"}],"about":[{"href":"http:\/\/portalcatolico.net\/portal\/wp-json\/wp\/v2\/types\/post"}],"author":[{"embeddable":true,"href":"http:\/\/portalcatolico.net\/portal\/wp-json\/wp\/v2\/users\/2"}],"replies":[{"embeddable":true,"href":"http:\/\/portalcatolico.net\/portal\/wp-json\/wp\/v2\/comments?post=49993"}],"version-history":[{"count":1,"href":"http:\/\/portalcatolico.net\/portal\/wp-json\/wp\/v2\/posts\/49993\/revisions"}],"predecessor-version":[{"id":49995,"href":"http:\/\/portalcatolico.net\/portal\/wp-json\/wp\/v2\/posts\/49993\/revisions\/49995"}],"wp:featuredmedia":[{"embeddable":true,"href":"http:\/\/portalcatolico.net\/portal\/wp-json\/wp\/v2\/media\/49994"}],"wp:attachment":[{"href":"http:\/\/portalcatolico.net\/portal\/wp-json\/wp\/v2\/media?parent=49993"}],"wp:term":[{"taxonomy":"category","embeddable":true,"href":"http:\/\/portalcatolico.net\/portal\/wp-json\/wp\/v2\/categories?post=49993"},{"taxonomy":"post_tag","embeddable":true,"href":"http:\/\/portalcatolico.net\/portal\/wp-json\/wp\/v2\/tags?post=49993"}],"curies":[{"name":"wp","href":"https:\/\/api.w.org\/{rel}","templated":true}]}}