{"id":49990,"date":"2018-02-02T13:44:24","date_gmt":"2018-02-02T16:44:24","guid":{"rendered":"http:\/\/portalcatolico.net\/portal\/?p=49990"},"modified":"2018-02-02T13:44:24","modified_gmt":"2018-02-02T16:44:24","slug":"crb-celebrar-o-dia-mundial-da-vida-consagrada-e-ocasiao-de-festa-de-compromisso","status":"publish","type":"post","link":"http:\/\/portalcatolico.net\/portal\/crb-celebrar-o-dia-mundial-da-vida-consagrada-e-ocasiao-de-festa-de-compromisso\/","title":{"rendered":"CRB: \u201cCelebrar o Dia Mundial da Vida Consagrada \u00e9 ocasi\u00e3o de festa, de compromisso\u201d"},"content":{"rendered":"<p>Na festa da Apresenta\u00e7\u00e3o de Jesus no Templo, a Igreja celebra o Dia Mundial da Vida Consagrada. A data foi estabelecida em 1999, pelo ent\u00e3o papa Jo\u00e3o Paulo II, ap\u00f3s a publica\u00e7\u00e3o da Exorta\u00e7\u00e3o Apost\u00f3lica P\u00f3s-sinodal \u201cVita Consecrata\u201d que versa, entre outras coisas, sobre todos os dons e carismas para a constru\u00e7\u00e3o da miss\u00e3o da Igreja no mundo. Esse ano, em sua 22\u00aa edi\u00e7\u00e3o, a tem\u00e1tica principal a ser refletida \u00e9 \u201cas voca\u00e7\u00f5es que anunciam a alegria do Evangelho e o amor de Deus\u201d.<\/p>\n<p>Como forma de agradecimento e de ora\u00e7\u00e3o pelo dom das voca\u00e7\u00f5es, o portal da CNBB entrevistou a presidente da Confer\u00eancia dos Religiosos do Brasil (CRB), irm\u00e3 Maria In\u00eas sobre o tema. A religiosa conversou com a assessoria de imprensa da CNBB antes de viajar para o Vaticano, onde cumprir\u00e1 uma agenda pessoal. Vale lembrar que, para celebrar a data, o papa Francisco presidir\u00e1, na Bas\u00edlica de S\u00e3o Pedro, uma missa com os membros dos Institutos de Vida Consagrada e as Sociedades de Vida Apost\u00f3lica.\u00a0<a href=\"http:\/\/cnbb.net.br\/crb-celebrar-o-dia-mundial-da-vida-consagrada-e-uma-ocasiao-de-festa-de-compromisso\/hqdefault2\/\"><img loading=\"lazy\" decoding=\"async\" class=\"size-medium wp-image-164011 alignright\" src=\"http:\/\/cnbb.net.br\/wp-content\/uploads\/sites\/32\/2018\/02\/hqdefault2-300x169.jpg\" srcset=\"http:\/\/cnbb.net.br\/wp-content\/uploads\/sites\/32\/2018\/02\/hqdefault2-300x169.jpg 300w, http:\/\/cnbb.net.br\/wp-content\/uploads\/sites\/32\/2018\/02\/hqdefault2.jpg 478w\" alt=\"\" width=\"300\" height=\"169\" \/><\/a><\/p>\n<p><strong>Quais os desafios para a vida consagrada hoje no Brasil?<\/strong><\/p>\n<p><em>Os desafios da vida consagrada hoje, no Brasil, s\u00e3o tamb\u00e9m oportunidades. Numa \u00e9poca de p\u00f3s-modernidade, p\u00f3s-racionalidade, p\u00f3s-pol\u00edtica, p\u00f3s-humano, p\u00f3s-verdade, em que se tem a sensa\u00e7\u00e3o de desmoronamento e corrup\u00e7\u00e3o generalizada, intensificam-se esfor\u00e7os em linha tradicional e fundamentalista, segundo uma ordem conservadora, em todas as \u00e1reas e institui\u00e7\u00f5es.\u00a0 Aceleram-se tamb\u00e9m transforma\u00e7\u00f5es com sinais de cria\u00e7\u00e3o de um mundo novo: a revolu\u00e7\u00e3o ecol\u00f3gica e a emergente consci\u00eancia planet\u00e1ria, a pr\u00f3pria revolu\u00e7\u00e3o cient\u00edfica e tecnol\u00f3gica e novas possibilidades de vida e de longevidade, a revolu\u00e7\u00e3o comunicacional, imediatismo e transpar\u00eancia.\u00a0 Tamb\u00e9m no campo religioso onde se situa a Vida Consagrada, passa a fragmenta\u00e7\u00e3o, o relativismo, o subjetivismo, a crise de comunidades de vida. Neste cen\u00e1rio conturbado, desafiador, a Vida Consagrada tem se expressado positivamente com o testemunho, a m\u00edstica, a convers\u00e3o pastoral, ecol\u00f3gica e prof\u00e9tica, sob a forma de solidariedade e miss\u00e3o.<\/em><\/p>\n<p><strong>Nesta data, qual a mensagem envia para aqueles e aquelas que acolheram o chamado de Deus e abra\u00e7aram a Vida Consagrada \u00e0 servi\u00e7o da Igreja?<\/strong><\/p>\n<p><em>N\u00f3s estamos vivendo um momento da hist\u00f3ria humana que necessitamos demais do sentido vocacional, temos que ajudar as pessoas a viver mais intensamente a nossa consagra\u00e7\u00e3o \u00e0 servi\u00e7o do reino. O Evangelho precisa ser anunciado, Jesus precisa ser amado, isso que vai dar sentido \u00e0 vida dos seres humanos, ent\u00e3o n\u00f3s consagramos a nossa vida para anunciar o Evangelho, para denunciar aquilo que destr\u00f3i a vida humana, portanto, precisamos de voca\u00e7\u00f5es em todos os sentidos, desde a voca\u00e7\u00e3o ao matrim\u00f4nio e agora no caso \u00e0s voca\u00e7\u00f5es consagradas. Celebrar ent\u00e3o esse Dia Mundial da Vida Consagrada \u00e9 uma ocasi\u00e3o de festa, de compromisso e tamb\u00e9m de s\u00faplica ao Senhor pelo grande dom da educa\u00e7\u00e3o, da voca\u00e7\u00e3o de cada um de n\u00f3s, de cada uma de n\u00f3s.<\/em><\/p>\n<p>Confira a mensagem da CRB para o Dia Mundial da Vida Religiosa Consagrada:<\/p>\n<p>&nbsp;<\/p>\n<p><iframe loading=\"lazy\"  id=\"_ytid_96612\"  width=\"480\" height=\"270\"  data-origwidth=\"480\" data-origheight=\"270\" src=\"https:\/\/www.youtube.com\/embed\/cgRRawm2Fi4?enablejsapi=1&#038;autoplay=0&#038;cc_load_policy=0&#038;cc_lang_pref=&#038;iv_load_policy=1&#038;loop=0&#038;rel=1&#038;fs=1&#038;playsinline=0&#038;autohide=2&#038;theme=dark&#038;color=red&#038;controls=1&#038;disablekb=0&#038;\" class=\"__youtube_prefs__  epyt-is-override  no-lazyload\" title=\"YouTube player\"  allow=\"fullscreen; accelerometer; autoplay; clipboard-write; encrypted-media; gyroscope; picture-in-picture; web-share\" referrerpolicy=\"strict-origin-when-cross-origin\" allowfullscreen data-no-lazy=\"1\" data-skipgform_ajax_framebjll=\"\"><\/iframe><\/p>\n<p>Fonte:CNBB<\/p>\n","protected":false},"excerpt":{"rendered":"<p>Na festa da Apresenta\u00e7\u00e3o de Jesus no Templo, a Igreja celebra o Dia Mundial da Vida Consagrada. A data foi estabelecida em 1999, pelo ent\u00e3o papa Jo\u00e3o Paulo II, ap\u00f3s a publica\u00e7\u00e3o da Exorta\u00e7\u00e3o Apost\u00f3lica P\u00f3s-sinodal \u201cVita Consecrata\u201d que versa, entre outras coisas, sobre todos os dons e carismas para a constru\u00e7\u00e3o da miss\u00e3o da&nbsp;<\/p>\n<p><a class=\"btn btn-style\" href=\"http:\/\/portalcatolico.net\/portal\/crb-celebrar-o-dia-mundial-da-vida-consagrada-e-ocasiao-de-festa-de-compromisso\/\">Continue Reading<\/a><\/p>\n","protected":false},"author":2,"featured_media":49991,"comment_status":"open","ping_status":"open","sticky":false,"template":"","format":"standard","meta":{"footnotes":""},"categories":[65],"tags":[],"class_list":["post-49990","post","type-post","status-publish","format-standard","has-post-thumbnail","hentry","category-entrevistas"],"_links":{"self":[{"href":"http:\/\/portalcatolico.net\/portal\/wp-json\/wp\/v2\/posts\/49990","targetHints":{"allow":["GET"]}}],"collection":[{"href":"http:\/\/portalcatolico.net\/portal\/wp-json\/wp\/v2\/posts"}],"about":[{"href":"http:\/\/portalcatolico.net\/portal\/wp-json\/wp\/v2\/types\/post"}],"author":[{"embeddable":true,"href":"http:\/\/portalcatolico.net\/portal\/wp-json\/wp\/v2\/users\/2"}],"replies":[{"embeddable":true,"href":"http:\/\/portalcatolico.net\/portal\/wp-json\/wp\/v2\/comments?post=49990"}],"version-history":[{"count":1,"href":"http:\/\/portalcatolico.net\/portal\/wp-json\/wp\/v2\/posts\/49990\/revisions"}],"predecessor-version":[{"id":49992,"href":"http:\/\/portalcatolico.net\/portal\/wp-json\/wp\/v2\/posts\/49990\/revisions\/49992"}],"wp:featuredmedia":[{"embeddable":true,"href":"http:\/\/portalcatolico.net\/portal\/wp-json\/wp\/v2\/media\/49991"}],"wp:attachment":[{"href":"http:\/\/portalcatolico.net\/portal\/wp-json\/wp\/v2\/media?parent=49990"}],"wp:term":[{"taxonomy":"category","embeddable":true,"href":"http:\/\/portalcatolico.net\/portal\/wp-json\/wp\/v2\/categories?post=49990"},{"taxonomy":"post_tag","embeddable":true,"href":"http:\/\/portalcatolico.net\/portal\/wp-json\/wp\/v2\/tags?post=49990"}],"curies":[{"name":"wp","href":"https:\/\/api.w.org\/{rel}","templated":true}]}}