{"id":49987,"date":"2018-02-02T13:40:40","date_gmt":"2018-02-02T16:40:40","guid":{"rendered":"http:\/\/portalcatolico.net\/portal\/?p=49987"},"modified":"2018-02-02T13:40:40","modified_gmt":"2018-02-02T16:40:40","slug":"completamente-recuperada-igreja-do-passo-sera-reaberta","status":"publish","type":"post","link":"http:\/\/portalcatolico.net\/portal\/completamente-recuperada-igreja-do-passo-sera-reaberta\/","title":{"rendered":"Completamente recuperada, Igreja do Passo ser\u00e1 reaberta"},"content":{"rendered":"<p>Na pr\u00f3xima segunda-feira, dia 5 de fevereiro, \u00e0s 18h, acontecer\u00e1 a reabertura da Igreja Sant\u00edssimo Sacramento da Rua do Passo, localizada no Centro Hist\u00f3rico de Salvador. A cerim\u00f4nia contar\u00e1 com as presen\u00e7as do Arcebispo de Salvador e Primaz do Brasil, Dom Murilo Krieger, do bispo auxiliar, Dom Estevam dos Santos Silva Filho, do ministro da Cultura, S\u00e9rgio S\u00e1 Leit\u00e3o, da presidente do Instituto do Patrim\u00f4nio Hist\u00f3rico e Art\u00edstico Nacional (IPHAN), K\u00e1tia Bog\u00e9a, do superintendente do IPHAN, Bruno Tavares, al\u00e9m de representantes da prefeitura e do Governo do Estado.<\/p>\n<p>Ap\u00f3s 16 anos fechado, o templo foi completamente restaurado pelo IPHAN, no \u00e2mbito do PAC Cidades Hist\u00f3ricas, no per\u00edodo de tr\u00eas anos e meio, e custou mais de R$ 11 milh\u00f5es. Foram recuperados os bens m\u00f3veis, m\u00f3veis e integrados, a imagin\u00e1ria da Arte Sacra, bem como readequadas as estruturas de madeira dos altares mor e colaterais e da an\u00e1lise das trincas e rachaduras do altar-mor.\u00a0Al\u00e9m disso, para evitar o deslocamento do solo, foram colocados 22 tirantes de a\u00e7o para sustentar o templo.<\/p>\n<p>Um a um, os azulejos pintados \u00e0 m\u00e3o e datados do s\u00e9culo XVIII, bem como as imagens sacras, foram restaurados. Embaixo de sete camadas de tinta estava o tom azul das portas e at\u00e9 os 55 degraus da escadaria, cen\u00e1rio principal do filme \u201cO Pagador de Promessas\u201d, gravado em 1962, foi reformada, recebendo preenchimento nos lugares onde o piso encontrava-se quebrado.<\/p>\n<p>Um novo sino foi colocado em uma das torres; o outro passou por limpeza e manuten\u00e7\u00e3o. A instala\u00e7\u00e3o el\u00e9trica foi substitu\u00edda e os t\u00famulos que se encontram no templo tamb\u00e9m foram reformados.<\/p>\n<p><strong>O templo<\/strong><\/p>\n<p>Constru\u00eddo em 1736 para ser matriz da freguesia criada 18 anos antes, a Igreja do Sant\u00edssimo Sacramento da Rua do Passo, em alvenaria de pedra e tijolos, possui subsolo (ossu\u00e1rio), t\u00e9rreo (capela-mor e sacristia) e pavimento superior (tribunas e coro). O interior do templo tem o estilo neocl\u00e1ssico, destacando-se a pintura do teto, de autoria imprecisa, em perspectiva ilusionista barroca, de origem italiana.<\/p>\n<p>Informa\u00e7\u00f5es e foto:Arquidiocese de Salvador<\/p>\n","protected":false},"excerpt":{"rendered":"<p>Na pr\u00f3xima segunda-feira, dia 5 de fevereiro, \u00e0s 18h, acontecer\u00e1 a reabertura da Igreja Sant\u00edssimo Sacramento da Rua do Passo, localizada no Centro Hist\u00f3rico de Salvador. A cerim\u00f4nia contar\u00e1 com as presen\u00e7as do Arcebispo de Salvador e Primaz do Brasil, Dom Murilo Krieger, do bispo auxiliar, Dom Estevam dos Santos Silva Filho, do ministro da&nbsp;<\/p>\n<p><a class=\"btn btn-style\" href=\"http:\/\/portalcatolico.net\/portal\/completamente-recuperada-igreja-do-passo-sera-reaberta\/\">Continue Reading<\/a><\/p>\n","protected":false},"author":2,"featured_media":49988,"comment_status":"open","ping_status":"open","sticky":false,"template":"","format":"standard","meta":{"footnotes":""},"categories":[3],"tags":[],"class_list":["post-49987","post","type-post","status-publish","format-standard","has-post-thumbnail","hentry","category-noticias_regionais"],"_links":{"self":[{"href":"http:\/\/portalcatolico.net\/portal\/wp-json\/wp\/v2\/posts\/49987","targetHints":{"allow":["GET"]}}],"collection":[{"href":"http:\/\/portalcatolico.net\/portal\/wp-json\/wp\/v2\/posts"}],"about":[{"href":"http:\/\/portalcatolico.net\/portal\/wp-json\/wp\/v2\/types\/post"}],"author":[{"embeddable":true,"href":"http:\/\/portalcatolico.net\/portal\/wp-json\/wp\/v2\/users\/2"}],"replies":[{"embeddable":true,"href":"http:\/\/portalcatolico.net\/portal\/wp-json\/wp\/v2\/comments?post=49987"}],"version-history":[{"count":1,"href":"http:\/\/portalcatolico.net\/portal\/wp-json\/wp\/v2\/posts\/49987\/revisions"}],"predecessor-version":[{"id":49989,"href":"http:\/\/portalcatolico.net\/portal\/wp-json\/wp\/v2\/posts\/49987\/revisions\/49989"}],"wp:featuredmedia":[{"embeddable":true,"href":"http:\/\/portalcatolico.net\/portal\/wp-json\/wp\/v2\/media\/49988"}],"wp:attachment":[{"href":"http:\/\/portalcatolico.net\/portal\/wp-json\/wp\/v2\/media?parent=49987"}],"wp:term":[{"taxonomy":"category","embeddable":true,"href":"http:\/\/portalcatolico.net\/portal\/wp-json\/wp\/v2\/categories?post=49987"},{"taxonomy":"post_tag","embeddable":true,"href":"http:\/\/portalcatolico.net\/portal\/wp-json\/wp\/v2\/tags?post=49987"}],"curies":[{"name":"wp","href":"https:\/\/api.w.org\/{rel}","templated":true}]}}