{"id":49533,"date":"2018-01-31T23:35:47","date_gmt":"2018-02-01T02:35:47","guid":{"rendered":"http:\/\/portalcatolico.net\/portal\/?p=49533"},"modified":"2018-01-31T23:58:17","modified_gmt":"2018-02-01T02:58:17","slug":"padre-andrade-assume-paroquia-santo-antonio-em-itabuna","status":"publish","type":"post","link":"http:\/\/portalcatolico.net\/portal\/padre-andrade-assume-paroquia-santo-antonio-em-itabuna\/","title":{"rendered":"Padre Andrade assume Par\u00f3quia Santo Ant\u00f4nio em Itabuna"},"content":{"rendered":"<p class=\"m_7281556922707406141xgmail-msonospacing\"><em>Ap\u00f3s 11 anos de servi\u00e7o pastoral na Par\u00f3quia Bom Jesus, na cidade de Itap\u00e9 (BA), o padre Jos\u00e9 Andrade Paz deixa o posto de p\u00e1roco desta par\u00f3quia para ser transferido \u00e0 Par\u00f3quia Santo Ant\u00f4nio, em Itabuna (BA).<\/em><u><\/u><u><\/u><\/p>\n<p class=\"m_7281556922707406141xgmail-msonospacing\"><em>A cerim\u00f4nia de posse can\u00f4nica foi realizada, nesta quarta-feira, dia\u00a0\u00a031 de Janeiro de 2018, \u00e0s 19h, na matriz de\u00a0\u00a0Santo Ant\u00f4nio.<u><\/u><u><\/u><\/em><\/p>\n<p class=\"m_7281556922707406141xgmail-msonospacing\"><em>O Excelent\u00edssimo e Reverend\u00edssimo Dom Carlos Alberto dos Santos, Bispo da Diocese de Itabuna, deu posse do Of\u00edcio Eclesi\u00e1stico de P\u00e1roco na Par\u00f3quia Santo Ant\u00f4nio, ao Revmo. Padre Jos\u00e9 Andrade, Presb\u00edtero na Diocese de Itabuna, por ele legitimamente nomeado para o tal of\u00edcio com o Decreto n\u00fameros 09\/2018.<u><\/u><u><\/u><\/em><\/p>\n<p class=\"m_7281556922707406141xgmail-msonospacing\"><em>Durante a celebra\u00e7\u00e3o, o Bispo realizou os procedimentos de tomada de posse do novo p\u00e1roco. Na oportunidade, Padre Andrade renovou as promessas sacerdotais, recebeu\u00a0\u00a0do Bispo os diversos instrumentos de sua miss\u00e3o como: livros do evangelho, as chaves da Igreja ,a chave do Sacr\u00e1rio (um momento de Adora\u00e7\u00e3o ao Sant\u00edssimo Sacramento) o Batist\u00e9rio e o Confession\u00e1rio, a Estola roxa para o uso cotidiano, e em seguida, fez o juramento de fidelidade.<u><\/u><u><\/u><\/em><\/p>\n<p class=\"m_7281556922707406141xgmail-msonospacing\"><em>\u00a0O Bispo apresentou o novo p\u00e1roco j\u00e1 empossado para os paroquianos.<u><\/u><u><\/u><\/em><\/p>\n<p class=\"m_7281556922707406141xmsonormal\"><em>Ao final da celebra\u00e7\u00e3o, leigos deram as boas- vindas ao novo p\u00e1roco e depois todos seguiram para uma confraterniza\u00e7\u00e3o.<\/em><u><\/u><u><\/u><\/p>\n<p class=\"m_7281556922707406141xmsonormal\"><em>A equipe do Portal Cat\u00f3lico deseja boa sorte ao padre Andrade nesta nova miss\u00e3o.<u><\/u><u><\/u><\/em><\/p>\n<p class=\"m_7281556922707406141xmsonormal\"><em>Reportagem: Valdeni Elias<u><\/u><u><\/u><\/em><\/p>\n<p class=\"m_7281556922707406141xmsonormal\"><em>Edi\u00e7\u00e3o de texto: Anara Passos<\/em><\/p>\n<p>Confira mais fotos, s\u00f3 clicar <a href=\"http:\/\/portalcatolico.net\/portal\/index.php\/posse-de-padre-andrade\/\"><span style=\"color: #0000ff;\">AQUI<\/span><\/a><\/p>\n","protected":false},"excerpt":{"rendered":"<p>Ap\u00f3s 11 anos de servi\u00e7o pastoral na Par\u00f3quia Bom Jesus, na cidade de Itap\u00e9 (BA), o padre Jos\u00e9 Andrade Paz deixa o posto de p\u00e1roco desta par\u00f3quia para ser transferido \u00e0 Par\u00f3quia Santo Ant\u00f4nio, em Itabuna (BA). A cerim\u00f4nia de posse can\u00f4nica foi realizada, nesta quarta-feira, dia\u00a0\u00a031 de Janeiro de 2018, \u00e0s 19h, na matriz&nbsp;<\/p>\n<p><a class=\"btn btn-style\" href=\"http:\/\/portalcatolico.net\/portal\/padre-andrade-assume-paroquia-santo-antonio-em-itabuna\/\">Continue Reading<\/a><\/p>\n","protected":false},"author":2,"featured_media":49534,"comment_status":"open","ping_status":"open","sticky":false,"template":"","format":"standard","meta":{"footnotes":""},"categories":[65],"tags":[],"class_list":["post-49533","post","type-post","status-publish","format-standard","has-post-thumbnail","hentry","category-entrevistas"],"_links":{"self":[{"href":"http:\/\/portalcatolico.net\/portal\/wp-json\/wp\/v2\/posts\/49533","targetHints":{"allow":["GET"]}}],"collection":[{"href":"http:\/\/portalcatolico.net\/portal\/wp-json\/wp\/v2\/posts"}],"about":[{"href":"http:\/\/portalcatolico.net\/portal\/wp-json\/wp\/v2\/types\/post"}],"author":[{"embeddable":true,"href":"http:\/\/portalcatolico.net\/portal\/wp-json\/wp\/v2\/users\/2"}],"replies":[{"embeddable":true,"href":"http:\/\/portalcatolico.net\/portal\/wp-json\/wp\/v2\/comments?post=49533"}],"version-history":[{"count":2,"href":"http:\/\/portalcatolico.net\/portal\/wp-json\/wp\/v2\/posts\/49533\/revisions"}],"predecessor-version":[{"id":49754,"href":"http:\/\/portalcatolico.net\/portal\/wp-json\/wp\/v2\/posts\/49533\/revisions\/49754"}],"wp:featuredmedia":[{"embeddable":true,"href":"http:\/\/portalcatolico.net\/portal\/wp-json\/wp\/v2\/media\/49534"}],"wp:attachment":[{"href":"http:\/\/portalcatolico.net\/portal\/wp-json\/wp\/v2\/media?parent=49533"}],"wp:term":[{"taxonomy":"category","embeddable":true,"href":"http:\/\/portalcatolico.net\/portal\/wp-json\/wp\/v2\/categories?post=49533"},{"taxonomy":"post_tag","embeddable":true,"href":"http:\/\/portalcatolico.net\/portal\/wp-json\/wp\/v2\/tags?post=49533"}],"curies":[{"name":"wp","href":"https:\/\/api.w.org\/{rel}","templated":true}]}}