{"id":49524,"date":"2018-01-30T22:34:36","date_gmt":"2018-01-31T01:34:36","guid":{"rendered":"http:\/\/portalcatolico.net\/portal\/?p=49524"},"modified":"2018-01-30T22:35:52","modified_gmt":"2018-01-31T01:35:52","slug":"padre-adriano-fernandes-assume-a-paroquia-nossa-senhora-conceicao-em-itabuna","status":"publish","type":"post","link":"http:\/\/portalcatolico.net\/portal\/padre-adriano-fernandes-assume-a-paroquia-nossa-senhora-conceicao-em-itabuna\/","title":{"rendered":"Padre Adriano Fernandes assume a Par\u00f3quia Nossa Senhora Concei\u00e7\u00e3o em Itabuna"},"content":{"rendered":"<p class=\"m_5772826212532600676xgmail-msonospacing\"><em>Nesta ter\u00e7a-feira (30), \u00e0s 18h, a Par\u00f3quia Nossa Senhora da Concei\u00e7\u00e3o, situada no bairro Concei\u00e7\u00e3o, em Itabuna (BA) recebe um novo p\u00e1roco. Nesta noite, o Excelent\u00edssimo e Reverend\u00edssimo Dom Carlos Alberto dos Santos, Bispo da Diocese de Itabuna, deu posse do Of\u00edcio Eclesi\u00e1stico de P\u00e1roco na Par\u00f3quia Nossa Senhora da Concei\u00e7\u00e3o, ao Revmo. Padre Adriano Oliveira Fernandes, Presb\u00edtero na Diocese de Itabuna. Ele foi legitimamente nomeado para o tal of\u00edcio, com o Decreto n\u00fameros 08\/2018 diante do Padre Nerivaldo Azevedo, Chanceler provis\u00f3rio da C\u00faria e demais testemunhas.<u><\/u><u><\/u><\/em><\/p>\n<p class=\"m_5772826212532600676xgmail-msonospacing\"><em><u><\/u>\u00a0<\/em><em>Em seguida, foi feita a leitura das Provis\u00f5es Can\u00f4nicas. Durante a celebra\u00e7\u00e3o, o Bispo realizou os demais procedimentos de tomada de posse do novo p\u00e1roco: Padre Adriano renovou as promessas sacerdotais, recebeu\u00a0\u00a0do Bispo os diversos instrumentos de sua miss\u00e3o como: livros do evangelho, as chaves da Igreja, a chave do Sacr\u00e1rio (um momento de Adora\u00e7\u00e3o ao Sant\u00edssimo Sacramento) o Batist\u00e9rio e o Confession\u00e1rio, e a Estola roxa para o uso cotidiano.<u><\/u><u><\/u><\/em><\/p>\n<p class=\"m_5772826212532600676xgmail-msonospacing\"><em><u><\/u>\u00a0<\/em><em>Posteriormente, \u00a0teve o \u00a0juramento de fidelidade,\u00a0\u00a0e em seguida, o\u00a0bispo apresentou o novo p\u00e1roco j\u00e1 empossado para os paroquianos e visitantes, que recebeu uma calorosa salva de palmas.<u><\/u><u><\/u><\/em><\/p>\n<p class=\"m_5772826212532600676xgmail-msonospacing\"><em>Participaram da cerim\u00f4nia de posse, os seus amigos, familiares e paroquianos.<\/em><i><u><\/u><u><\/u><\/i><\/p>\n<p class=\"m_5772826212532600676xgmail-msonospacing\"><em>Ao final da celebra\u00e7\u00e3o, leigos deram as boas- vindas ao novo p\u00e1roco.<u><\/u><u><\/u><\/em><\/p>\n<p class=\"m_5772826212532600676xgmail-msonospacing\"><em><u><\/u>\u00a0<\/em><em>Edi\u00e7\u00e3o de texto: Anara Passos (Jornalista- DRT 7574)<\/em><\/p>\n<p class=\"m_5772826212532600676xgmail-msonospacing\">Confira as fotos desta 8\u00aa posse, s\u00f3 clicar <a href=\"http:\/\/portalcatolico.net\/portal\/index.php\/paroquia-nossa-senhora-da-conceicao\/\"><span style=\"color: #0000ff;\">AQUI<\/span><\/a><\/p>\n","protected":false},"excerpt":{"rendered":"<p>Nesta ter\u00e7a-feira (30), \u00e0s 18h, a Par\u00f3quia Nossa Senhora da Concei\u00e7\u00e3o, situada no bairro Concei\u00e7\u00e3o, em Itabuna (BA) recebe um novo p\u00e1roco. Nesta noite, o Excelent\u00edssimo e Reverend\u00edssimo Dom Carlos Alberto dos Santos, Bispo da Diocese de Itabuna, deu posse do Of\u00edcio Eclesi\u00e1stico de P\u00e1roco na Par\u00f3quia Nossa Senhora da Concei\u00e7\u00e3o, ao Revmo. Padre Adriano&nbsp;<\/p>\n<p><a class=\"btn btn-style\" href=\"http:\/\/portalcatolico.net\/portal\/padre-adriano-fernandes-assume-a-paroquia-nossa-senhora-conceicao-em-itabuna\/\">Continue Reading<\/a><\/p>\n","protected":false},"author":2,"featured_media":49525,"comment_status":"open","ping_status":"open","sticky":false,"template":"","format":"standard","meta":{"footnotes":""},"categories":[4],"tags":[],"class_list":["post-49524","post","type-post","status-publish","format-standard","has-post-thumbnail","hentry","category-destaques"],"_links":{"self":[{"href":"http:\/\/portalcatolico.net\/portal\/wp-json\/wp\/v2\/posts\/49524","targetHints":{"allow":["GET"]}}],"collection":[{"href":"http:\/\/portalcatolico.net\/portal\/wp-json\/wp\/v2\/posts"}],"about":[{"href":"http:\/\/portalcatolico.net\/portal\/wp-json\/wp\/v2\/types\/post"}],"author":[{"embeddable":true,"href":"http:\/\/portalcatolico.net\/portal\/wp-json\/wp\/v2\/users\/2"}],"replies":[{"embeddable":true,"href":"http:\/\/portalcatolico.net\/portal\/wp-json\/wp\/v2\/comments?post=49524"}],"version-history":[{"count":3,"href":"http:\/\/portalcatolico.net\/portal\/wp-json\/wp\/v2\/posts\/49524\/revisions"}],"predecessor-version":[{"id":49528,"href":"http:\/\/portalcatolico.net\/portal\/wp-json\/wp\/v2\/posts\/49524\/revisions\/49528"}],"wp:featuredmedia":[{"embeddable":true,"href":"http:\/\/portalcatolico.net\/portal\/wp-json\/wp\/v2\/media\/49525"}],"wp:attachment":[{"href":"http:\/\/portalcatolico.net\/portal\/wp-json\/wp\/v2\/media?parent=49524"}],"wp:term":[{"taxonomy":"category","embeddable":true,"href":"http:\/\/portalcatolico.net\/portal\/wp-json\/wp\/v2\/categories?post=49524"},{"taxonomy":"post_tag","embeddable":true,"href":"http:\/\/portalcatolico.net\/portal\/wp-json\/wp\/v2\/tags?post=49524"}],"curies":[{"name":"wp","href":"https:\/\/api.w.org\/{rel}","templated":true}]}}