{"id":49287,"date":"2018-01-30T21:29:30","date_gmt":"2018-01-31T00:29:30","guid":{"rendered":"http:\/\/portalcatolico.net\/portal\/?p=49287"},"modified":"2018-01-30T21:29:30","modified_gmt":"2018-01-31T00:29:30","slug":"padre-roque-se-despede-da-paroquia-santa-maria-madalena-neste-domingo","status":"publish","type":"post","link":"http:\/\/portalcatolico.net\/portal\/padre-roque-se-despede-da-paroquia-santa-maria-madalena-neste-domingo\/","title":{"rendered":"Padre Roque se despede da Par\u00f3quia Santa Maria Madalena neste domingo"},"content":{"rendered":"<p class=\"m_-6281197671241161499xgmail-msonospacing\"><em>Os paroquianos\u00a0da Par\u00f3quia Santa Maria Madalena v\u00e3o se despedir de Padre Roque Alves, no pr\u00f3ximo domingo, 04 de fevereiro, \u00e0s 8h, com a Santa\u00a0missa de despedida. Pe. Roque est\u00e1 indo para a par\u00f3quia Senhor do Bonfim, em Jussari (BA).<u><\/u><u><\/u><\/em><\/p>\n<p class=\"m_-6281197671241161499xgmail-msonospacing\"><u><\/u>\u00a0<em>O sacerdote deixou uma mensagem em sua p\u00e1gina no Facebook e v\u00e1rios paroquianos agradeceram ao padre, pelos servi\u00e7os de evangeliza\u00e7\u00e3o realizados na igreja e nas comunidades. Confira:<u><\/u><u><\/u><\/em><\/p>\n<p class=\"m_-6281197671241161499xgmail-msonospacing\"><em>\u00a0<\/em><em>\u201cSendo essa, minha \u00faltima semana na par\u00f3quia, Maria Madalena, agrade\u00e7o a todos, pelo carinho, pela confian\u00e7a, pelo crescimento espiritual, por caminharmos juntos nos momentos de f\u00e9, ora\u00e7\u00e3o, partilha e celebra\u00e7\u00e3o. Minha gratid\u00e3o a todos. Estaremos sempre juntos, nos la\u00e7os do amor e da f\u00e9. Obrigado as comunidades, os casais, as fam\u00edlias. Obrigado a Deus por essa miss\u00e3o, que termina aqui e come\u00e7a na par\u00f3quia Senhor do Bonfim em Jussari. Deus aben\u00e7oe a todos.\u201d<u><\/u><u><\/u><\/em><\/p>\n<p class=\"m_-6281197671241161499xgmail-msonospacing\"><u><\/u>\u00a0<em>Muitos paroquianos retribu\u00edram a mensagem e responderam agradecendo ao padre pelo seu trabalho de evangeliza\u00e7\u00e3o, e aproveitaram a oportunidade, para desejar muita for\u00e7a na nova miss\u00e3o.\u00a0<u><\/u><u><\/u><\/em><\/p>\n<p class=\"m_-6281197671241161499xgmail-msonospacing\"><em><u><\/u>\u00a0<\/em><em>Edi\u00e7\u00e3o de texto: Anara Passos (Jornalista- DRT 7574)<\/em><\/p>\n","protected":false},"excerpt":{"rendered":"<p>Os paroquianos\u00a0da Par\u00f3quia Santa Maria Madalena v\u00e3o se despedir de Padre Roque Alves, no pr\u00f3ximo domingo, 04 de fevereiro, \u00e0s 8h, com a Santa\u00a0missa de despedida. Pe. Roque est\u00e1 indo para a par\u00f3quia Senhor do Bonfim, em Jussari (BA). \u00a0O sacerdote deixou uma mensagem em sua p\u00e1gina no Facebook e v\u00e1rios paroquianos agradeceram ao padre,&nbsp;<\/p>\n<p><a class=\"btn btn-style\" href=\"http:\/\/portalcatolico.net\/portal\/padre-roque-se-despede-da-paroquia-santa-maria-madalena-neste-domingo\/\">Continue Reading<\/a><\/p>\n","protected":false},"author":2,"featured_media":49288,"comment_status":"open","ping_status":"open","sticky":false,"template":"","format":"standard","meta":{"footnotes":""},"categories":[1],"tags":[],"class_list":["post-49287","post","type-post","status-publish","format-standard","has-post-thumbnail","hentry","category-agenda"],"_links":{"self":[{"href":"http:\/\/portalcatolico.net\/portal\/wp-json\/wp\/v2\/posts\/49287","targetHints":{"allow":["GET"]}}],"collection":[{"href":"http:\/\/portalcatolico.net\/portal\/wp-json\/wp\/v2\/posts"}],"about":[{"href":"http:\/\/portalcatolico.net\/portal\/wp-json\/wp\/v2\/types\/post"}],"author":[{"embeddable":true,"href":"http:\/\/portalcatolico.net\/portal\/wp-json\/wp\/v2\/users\/2"}],"replies":[{"embeddable":true,"href":"http:\/\/portalcatolico.net\/portal\/wp-json\/wp\/v2\/comments?post=49287"}],"version-history":[{"count":1,"href":"http:\/\/portalcatolico.net\/portal\/wp-json\/wp\/v2\/posts\/49287\/revisions"}],"predecessor-version":[{"id":49289,"href":"http:\/\/portalcatolico.net\/portal\/wp-json\/wp\/v2\/posts\/49287\/revisions\/49289"}],"wp:featuredmedia":[{"embeddable":true,"href":"http:\/\/portalcatolico.net\/portal\/wp-json\/wp\/v2\/media\/49288"}],"wp:attachment":[{"href":"http:\/\/portalcatolico.net\/portal\/wp-json\/wp\/v2\/media?parent=49287"}],"wp:term":[{"taxonomy":"category","embeddable":true,"href":"http:\/\/portalcatolico.net\/portal\/wp-json\/wp\/v2\/categories?post=49287"},{"taxonomy":"post_tag","embeddable":true,"href":"http:\/\/portalcatolico.net\/portal\/wp-json\/wp\/v2\/tags?post=49287"}],"curies":[{"name":"wp","href":"https:\/\/api.w.org\/{rel}","templated":true}]}}