{"id":49284,"date":"2018-01-30T21:22:46","date_gmt":"2018-01-31T00:22:46","guid":{"rendered":"http:\/\/portalcatolico.net\/portal\/?p=49284"},"modified":"2018-01-30T21:22:46","modified_gmt":"2018-01-31T00:22:46","slug":"padre-acassio-alves-tomou-posso-na-paroquia-sao-judas-tadeu-em-itabuna","status":"publish","type":"post","link":"http:\/\/portalcatolico.net\/portal\/padre-acassio-alves-tomou-posso-na-paroquia-sao-judas-tadeu-em-itabuna\/","title":{"rendered":"Padre Ac\u00e1ssio Alves tomou posso na Par\u00f3quia S\u00e3o Judas Tadeu em Itabuna"},"content":{"rendered":"<p style=\"font-weight: 400;\"><em>O Padre Ac\u00e1ssio Alves assumiu a Par\u00f3quia S\u00e3o Judas Tadeu, em Itabuna (BA), nesta segunda-feira (29), \u00e0s 19 horas, numa Celebra\u00e7\u00e3o Eucar\u00edstica presidida por Dom Carlos Alberto dos Santos, bispo da Diocese de Itabuna.<\/em><\/p>\n<p style=\"font-weight: 400;\"><em>Participaram da solenidade: padres, di\u00e1conos, seminaristas, vocacionados, religiosos (as) consagrados(as) e muitos paroquianos. Padre Ac\u00e1ssio sucede ao Padre Osmar Raimundo, que trabalhou por 13 anos na Par\u00f3quia S\u00e3o Judas. \u00a0<\/em><\/p>\n<p style=\"font-weight: 400;\">\u00a0<em>A celebra\u00e7\u00e3o de posse seguiu os tradicionais passos: inicialmente, o chanceler da c\u00faria, leu a provis\u00e3o com a nomea\u00e7\u00e3o do novo p\u00e1roco e em seguida, Padre Ac\u00e1ssio proferiu a Profiss\u00e3o de F\u00e9.<\/em><\/p>\n<p style=\"font-weight: 400;\">\u00a0<em>Posteriormente, ele renovou as promessas sacerdotais e recebeu do Bispo, os diversos instrumentos de sua miss\u00e3o: os livros do evangelho, as chaves da Igreja e do Sacr\u00e1rio (um momento de Adora\u00e7\u00e3o ao Sant\u00edssimo Sacramento), o Batist\u00e9rio e o Confession\u00e1rio, a Estola roxa para o uso cotidiano. Depois, foi feito o juramento de fidelidade. O bispo apresentou o nono p\u00e1roco j\u00e1 empossado e recebeu uma calorosa salva de palmas.<\/em><\/p>\n<p style=\"font-weight: 400;\">\u00a0<em>Padre Ac\u00e1ssio aproveitou a oportunidade para agradecer ao padre Osmar Raimundo pelo trabalho realizado e falou sobre seu desejo na nova miss\u00e3o:\u00a0<\/em>\u201c(&#8230;) Venho de cora\u00e7\u00e3o aberto a todos. Desejo participar de vossas alegrias e tristezas, dos fracassos tamb\u00e9m e, sobretudo, dos sucessos!\u201d<\/p>\n<p style=\"font-weight: 400;\">\u00a0<em>Ao final da celebra\u00e7\u00e3o, leigos deram as boas- vindas ao novo p\u00e1roco e todos confraternizaram no sal\u00e3o paroquial da par\u00f3quia que fica situada no bairro Cast\u00e1lia.<\/em><\/p>\n<p style=\"font-weight: 400;\"><em>\u00a0<\/em><em>Edi\u00e7\u00e3o de texto: Anara Passos (Comunic\u00f3loga- DRT 7574)<\/em><\/p>\n<p>Confira mais fotos, s\u00f3 clicar <a href=\"http:\/\/portalcatolico.net\/portal\/?page_id=49029&amp;preview=true\"><span style=\"color: #0000ff;\">AQUI<\/span><\/a><\/p>\n","protected":false},"excerpt":{"rendered":"<p>O Padre Ac\u00e1ssio Alves assumiu a Par\u00f3quia S\u00e3o Judas Tadeu, em Itabuna (BA), nesta segunda-feira (29), \u00e0s 19 horas, numa Celebra\u00e7\u00e3o Eucar\u00edstica presidida por Dom Carlos Alberto dos Santos, bispo da Diocese de Itabuna. Participaram da solenidade: padres, di\u00e1conos, seminaristas, vocacionados, religiosos (as) consagrados(as) e muitos paroquianos. Padre Ac\u00e1ssio sucede ao Padre Osmar Raimundo, que&nbsp;<\/p>\n<p><a class=\"btn btn-style\" href=\"http:\/\/portalcatolico.net\/portal\/padre-acassio-alves-tomou-posso-na-paroquia-sao-judas-tadeu-em-itabuna\/\">Continue Reading<\/a><\/p>\n","protected":false},"author":2,"featured_media":49285,"comment_status":"open","ping_status":"open","sticky":false,"template":"","format":"standard","meta":{"footnotes":""},"categories":[68],"tags":[],"class_list":["post-49284","post","type-post","status-publish","format-standard","has-post-thumbnail","hentry","category-homilias"],"_links":{"self":[{"href":"http:\/\/portalcatolico.net\/portal\/wp-json\/wp\/v2\/posts\/49284","targetHints":{"allow":["GET"]}}],"collection":[{"href":"http:\/\/portalcatolico.net\/portal\/wp-json\/wp\/v2\/posts"}],"about":[{"href":"http:\/\/portalcatolico.net\/portal\/wp-json\/wp\/v2\/types\/post"}],"author":[{"embeddable":true,"href":"http:\/\/portalcatolico.net\/portal\/wp-json\/wp\/v2\/users\/2"}],"replies":[{"embeddable":true,"href":"http:\/\/portalcatolico.net\/portal\/wp-json\/wp\/v2\/comments?post=49284"}],"version-history":[{"count":1,"href":"http:\/\/portalcatolico.net\/portal\/wp-json\/wp\/v2\/posts\/49284\/revisions"}],"predecessor-version":[{"id":49286,"href":"http:\/\/portalcatolico.net\/portal\/wp-json\/wp\/v2\/posts\/49284\/revisions\/49286"}],"wp:featuredmedia":[{"embeddable":true,"href":"http:\/\/portalcatolico.net\/portal\/wp-json\/wp\/v2\/media\/49285"}],"wp:attachment":[{"href":"http:\/\/portalcatolico.net\/portal\/wp-json\/wp\/v2\/media?parent=49284"}],"wp:term":[{"taxonomy":"category","embeddable":true,"href":"http:\/\/portalcatolico.net\/portal\/wp-json\/wp\/v2\/categories?post=49284"},{"taxonomy":"post_tag","embeddable":true,"href":"http:\/\/portalcatolico.net\/portal\/wp-json\/wp\/v2\/tags?post=49284"}],"curies":[{"name":"wp","href":"https:\/\/api.w.org\/{rel}","templated":true}]}}