{"id":49015,"date":"2018-01-30T06:26:46","date_gmt":"2018-01-30T09:26:46","guid":{"rendered":"http:\/\/portalcatolico.net\/portal\/?p=49015"},"modified":"2018-01-30T06:26:46","modified_gmt":"2018-01-30T09:26:46","slug":"14o-intereclesial-patrimonio-biblico-eclesial-e-teologico-da-igreja-no-brasil-diz-carta-final","status":"publish","type":"post","link":"http:\/\/portalcatolico.net\/portal\/14o-intereclesial-patrimonio-biblico-eclesial-e-teologico-da-igreja-no-brasil-diz-carta-final\/","title":{"rendered":"\u201c14\u00ba Intereclesial: patrim\u00f4nio b\u00edblico, eclesial e teol\u00f3gico da Igreja no Brasil\u201d, diz carta final"},"content":{"rendered":"<p>Na reflex\u00e3o da palavra, dirigida aos participantes da cerim\u00f4nia de encerramento do 14\u00ba Intereclesial das CEBs o arcebispo de Londrina (PR), dom Geremias Steinmetz, de 52 anos, disse \u00e0s mais de 5,5 mil pessoas que lotaram o gin\u00e1sio Moring\u00e3o: \u201cConseguimos trabalhar com tranquilidade porque voc\u00eas fizeram\u201d e acrescentou: \u201cDepois de termos trabalhado bastante, colocamos tudo nas m\u00e3os da Trindade\u201d. O bispo ainda refor\u00e7ou que \u201co an\u00fancio do Reino de Deus \u00e9 uma boa nova. A carteira de identidade de <img loading=\"lazy\" decoding=\"async\" class=\"size-medium wp-image-49017 alignright\" src=\"http:\/\/portalcatolico.net\/portal\/wp-content\/uploads\/2018\/01\/DomGeremiasSteimetz-300x200.jpg\" alt=\"DomGeremiasSteimetz\" width=\"300\" height=\"200\" srcset=\"http:\/\/portalcatolico.net\/portal\/wp-content\/uploads\/2018\/01\/DomGeremiasSteimetz-300x200.jpg 300w, http:\/\/portalcatolico.net\/portal\/wp-content\/uploads\/2018\/01\/DomGeremiasSteimetz-768x512.jpg 768w, http:\/\/portalcatolico.net\/portal\/wp-content\/uploads\/2018\/01\/DomGeremiasSteimetz.jpg 1024w\" sizes=\"auto, (max-width: 300px) 100vw, 300px\" \/>Jesus \u00e9 o que ele faz e diz\u201d.<\/p>\n<p>Durante o evento, os 60 bispos presentes, leram a \u201cCarta dos Bispos presentes no 14\u00ba Intereclesial de Comunidades Eclesiais de Base\u201d (veja a \u00edntegra abaixo). No documento, os pastores reafirmam que o tema do Intereclesial, na forma que foi tratado, expressa sintonia com as Diretrizes Gerais da A\u00e7\u00e3o Evangelizadora da Igreja no Brasil e com\u00a0a mensagem do Papa Francisco dirigida a esse encontro, desejando \u201cque as Comunidades Eclesiais de Base possam ser, na sociedade e Na\u00e7\u00e3o brasileira, um instrumento de evangeliza\u00e7\u00e3o e de promo\u00e7\u00e3o da pessoa humana\u201d.<\/p>\n<p>Os religiosos disseram sentir, forte em seus cora\u00e7\u00f5es, o apelo de Deus para \u201ccontinuarmos acompanhando, avaliando e apoiando o desenvolvimento das CEBs, com o compromisso de sermos, em comunh\u00e3o com Cristo, uma Igreja misericordiosa, prof\u00e9tica e mission\u00e1ria, dedicada \u00e0 forma\u00e7\u00e3o, especialmente de crist\u00e3os leigos e leigas, como sujeitos na vida eclesial e social\u201d, (cf. doc. 105 da CNBB).<\/p>\n<p>No documento, eles suplicaram a Deus que no Ano Nacional do Laicato, em processo em toda a Igreja no Brasil, que estamos realizando, \u201cque o protagonismo laical vivenciado no processo desse encontro, possa se manifestar ainda mais intenso em todas as situa\u00e7\u00f5es desafiadoras de nosso pa\u00eds, especialmente do mundo urbano, nas quais as CEBs se fazem presentes e atuam, anunciando a \u2018alegria do Evangelho\u2019\u201d.<\/p>\n<p><img loading=\"lazy\" decoding=\"async\" class=\" wp-image-49018 alignleft\" src=\"http:\/\/portalcatolico.net\/portal\/wp-content\/uploads\/2018\/01\/Sergio-768x1155-199x300.jpg\" alt=\"Sergio-768x1155\" width=\"151\" height=\"228\" srcset=\"http:\/\/portalcatolico.net\/portal\/wp-content\/uploads\/2018\/01\/Sergio-768x1155-199x300.jpg 199w, http:\/\/portalcatolico.net\/portal\/wp-content\/uploads\/2018\/01\/Sergio-768x1155.jpg 768w, http:\/\/portalcatolico.net\/portal\/wp-content\/uploads\/2018\/01\/Sergio-768x1155-681x1024.jpg 681w\" sizes=\"auto, (max-width: 151px) 100vw, 151px\" \/>Ao final da celebra\u00e7\u00e3o, os londrinenses repassaram aos delegados de Rondon\u00f3polis, sede do pr\u00f3ximo intereclesial, em 2022, a cruz de madeira, \u00edcone do encontro \u2013 uma forma de dizer: \u201cDeus os aben\u00e7oe nesta jornada\u201d.\u00a0O arcebispo de Bras\u00edlia, cardeal Sergio da Rocha, falou em entrevista \u00e0 imprensa, por ocasi\u00e3o do encontro, disse que as \u201cCEBs n\u00e3o \u00e9 um movimento nem uma pastoral, mas \u00e9 um modo desejado e gerado no Conc\u00edlio Vaticano II\u201d.<\/p>\n<p><strong><br \/>\nCARTA DOS BISPOS PRESENTES NO 14\u00ba INTERECLESIAL<\/strong><br \/>\n<strong>DAS COMUNIDADES ECLESIAIS DE BASE<\/strong><\/p>\n<p>N\u00f3s, 60 bispos presentes no 14\u00ba Intereclesial das CEBs, em Londrina \u2013 PR, de 23 a 27 de janeiro de 2018, dirigimo-nos a nossos irm\u00e3os e irm\u00e3s de f\u00e9, para testemunhar a alegria que brota de nossos cora\u00e7\u00f5es de pastores, por esse encontro que congregou 3.300 delegados e delegadas de Arquidioceses, Dioceses e Prelazias do Brasil, bem como convidados de outras igrejas,religi\u00f5es e entidades, inclusive de outros pa\u00edses.<\/p>\n<p>O tema desse Intereclesial, \u201cCEBs e os desafios no Mundo Urbano\u201d, e seu lema, \u201cEu vi ouvi os clamores do meu povo e desci para libert\u00e1-lo\u201d (Ex 3,7), na forma que foram tratados, expressam sintonia com as Diretrizes Gerais da A\u00e7\u00e3o Evangelizadora da Igreja no Brasil e com a mensagem do Papa Francisco dirigida a esse encontro, desejando \u201cque as Comunidades Eclesiais de Base possam ser, na sociedade e Na\u00e7\u00e3o brasileira, um instrumento de evangeliza\u00e7\u00e3o e de promo\u00e7\u00e3o da pessoa humana\u201d.<\/p>\n<p>Nesse encontro, conduzido com zelo pastoral pela Ampliada Nacional das CEBs e pela\u00a0Arquidiocese de Londrina que, cordialmente, o acolheu, testemunhamos a espiritualidade e a vitalidade das CEBs, manifestadas nos momentos vibrantes de ora\u00e7\u00e3o e celebra\u00e7\u00e3o. Sentimos pulsar muito forte em nossos cora\u00e7\u00f5es o apelo de Deus para continuarmos acompanhando, avaliando e apoiando o desenvolvimento das CEBs, com o compromisso de sermos, em comunh\u00e3o com Cristo, uma Igreja misericordiosa, prof\u00e9tica e mission\u00e1ria, dedicada \u00e0 forma\u00e7\u00e3o, especialmente de crist\u00e3os leigos e leigas, como sujeitos na vida eclesial e social (cf. doc. 105 da CNBB).<\/p>\n<p>Louvamos e bendizemos a Deus pelos testemunhos de vida crist\u00e3 partilhados no 14\u00ba\u00a0Intereclesial, que sinalizam a for\u00e7a do seu Reino em meio \u00e0 crise profunda da sociedade\u00a0brasileira. No esp\u00edrito do Ano Nacional do Laicato que estamos realizando, suplicamos a Deus que o protagonismo laical vivenciado no processo desse encontro, possa se manifestar ainda mais intenso em todas as situa\u00e7\u00f5es desafiadoras de nosso pa\u00eds, especialmente do mundo urbano, nas quais as CEBs se fazem presentes e atuam, anunciando a \u201calegria do Evangelho\u201d.<\/p>\n<p>Encorajamos os participantes do Intereclesial, com o apoio, sobretudo de ministros ordenados e membros da vida religiosa, a difundirem amplamente as a\u00e7\u00f5es sinalizadas por esse encontro e a \u201cgrande esperan\u00e7a\u201d, por ele revitalizada de tornar nossa sociedade mais solid\u00e1ria, justa e saud\u00e1vel, contando com a b\u00ean\u00e7\u00e3o de Deus e a prote\u00e7\u00e3o de nossa m\u00e3e, Maria.<\/p>\n<p>Londrina, 27 de janeiro de 2018.<\/p>\n<p><strong>Em nome de todos os bispos presentes:<\/strong><br \/>\nDom Severino Clasen, OFM<br \/>\nPresidente da Comiss\u00e3o Episcopal Pastoral para o Laicato<\/p>\n<p>Dom Guilherme Ant\u00f4nio Werlang, MSF<br \/>\nPresidente da Comiss\u00e3o Episcopal Pastoral para a A\u00e7\u00e3o Social Transformadora<\/p>\n<p>Dom Geremias Steinmetz<br \/>\nArcebispo da Arquidiocese de Londrina \u2013 PR<\/p>\n<p>Confira tamb\u00e9m a carta do Encontro, s\u00f3 clicar aqui:\u00a0http:\/\/<a href=\"http:\/\/www.cebsdobrasil.com.br\/2018\/01\/27\/carta-do-14\/\">www.cebsdobrasil.com.br<\/a><\/p>\n<p>Fonte:CNBB<\/p>\n","protected":false},"excerpt":{"rendered":"<p>Na reflex\u00e3o da palavra, dirigida aos participantes da cerim\u00f4nia de encerramento do 14\u00ba Intereclesial das CEBs o arcebispo de Londrina (PR), dom Geremias Steinmetz, de 52 anos, disse \u00e0s mais de 5,5 mil pessoas que lotaram o gin\u00e1sio Moring\u00e3o: \u201cConseguimos trabalhar com tranquilidade porque voc\u00eas fizeram\u201d e acrescentou: \u201cDepois de termos trabalhado bastante, colocamos tudo&nbsp;<\/p>\n<p><a class=\"btn btn-style\" href=\"http:\/\/portalcatolico.net\/portal\/14o-intereclesial-patrimonio-biblico-eclesial-e-teologico-da-igreja-no-brasil-diz-carta-final\/\">Continue Reading<\/a><\/p>\n","protected":false},"author":2,"featured_media":49016,"comment_status":"open","ping_status":"open","sticky":false,"template":"","format":"standard","meta":{"footnotes":""},"categories":[2],"tags":[],"class_list":["post-49015","post","type-post","status-publish","format-standard","has-post-thumbnail","hentry","category-eventos"],"_links":{"self":[{"href":"http:\/\/portalcatolico.net\/portal\/wp-json\/wp\/v2\/posts\/49015","targetHints":{"allow":["GET"]}}],"collection":[{"href":"http:\/\/portalcatolico.net\/portal\/wp-json\/wp\/v2\/posts"}],"about":[{"href":"http:\/\/portalcatolico.net\/portal\/wp-json\/wp\/v2\/types\/post"}],"author":[{"embeddable":true,"href":"http:\/\/portalcatolico.net\/portal\/wp-json\/wp\/v2\/users\/2"}],"replies":[{"embeddable":true,"href":"http:\/\/portalcatolico.net\/portal\/wp-json\/wp\/v2\/comments?post=49015"}],"version-history":[{"count":1,"href":"http:\/\/portalcatolico.net\/portal\/wp-json\/wp\/v2\/posts\/49015\/revisions"}],"predecessor-version":[{"id":49019,"href":"http:\/\/portalcatolico.net\/portal\/wp-json\/wp\/v2\/posts\/49015\/revisions\/49019"}],"wp:featuredmedia":[{"embeddable":true,"href":"http:\/\/portalcatolico.net\/portal\/wp-json\/wp\/v2\/media\/49016"}],"wp:attachment":[{"href":"http:\/\/portalcatolico.net\/portal\/wp-json\/wp\/v2\/media?parent=49015"}],"wp:term":[{"taxonomy":"category","embeddable":true,"href":"http:\/\/portalcatolico.net\/portal\/wp-json\/wp\/v2\/categories?post=49015"},{"taxonomy":"post_tag","embeddable":true,"href":"http:\/\/portalcatolico.net\/portal\/wp-json\/wp\/v2\/tags?post=49015"}],"curies":[{"name":"wp","href":"https:\/\/api.w.org\/{rel}","templated":true}]}}