{"id":49012,"date":"2018-01-30T00:08:30","date_gmt":"2018-01-30T03:08:30","guid":{"rendered":"http:\/\/portalcatolico.net\/portal\/?p=49012"},"modified":"2018-01-30T00:08:30","modified_gmt":"2018-01-30T03:08:30","slug":"convite-para-posse-de-dom-jailton","status":"publish","type":"post","link":"http:\/\/portalcatolico.net\/portal\/convite-para-posse-de-dom-jailton\/","title":{"rendered":"Convite Para Posse de Dom Jailton"},"content":{"rendered":"<p>A Diocese de Teixeira de Freitas \/ Caravelas e a Congrega\u00e7\u00e3o Pobres Servos da Divina Provid\u00eancia t\u00eam a honra de convid\u00e1-lo(a) para a posse de Dom Jailton de Oliveira Lino:<\/p>\n<p>Monsenhor Jailton foi ordenado bispo no dia 13 de janeiro de 2018, no Santu\u00e1rio Nossa Senhora de Caravaggio, em Farroupilha \u2013 RS.\u00a0Sua posse em Teixeira de Freitas ocorrer\u00e1 no dia\u00a0<strong>09 de Fevereiro de 2018, \u00e0s 19h<\/strong>, na Catedral S\u00e3o Pedro.<\/p>\n<p>O novo bispo escolheu como lema do seu episcopado a passagem de Mateus 6, 25: \u201cN\u00e3o vos agustieis!\u201d, quando Jesus exorta aos seus disc\u00edpulos a n\u00e3o se preocuparem com as coisas do mundo, pois o Pai h\u00e1 de providenciar.<\/p>\n<p>Na sucess\u00e3o episcopal, monsenhor Jailton ser\u00e1 o 4\u00ba bispo da nossa diocese.<\/p>\n<p>Informa\u00e7\u00f5es:Diocese de Teixeira de Freitas\/Caravelas<\/p>\n","protected":false},"excerpt":{"rendered":"<p>A Diocese de Teixeira de Freitas \/ Caravelas e a Congrega\u00e7\u00e3o Pobres Servos da Divina Provid\u00eancia t\u00eam a honra de convid\u00e1-lo(a) para a posse de Dom Jailton de Oliveira Lino: Monsenhor Jailton foi ordenado bispo no dia 13 de janeiro de 2018, no Santu\u00e1rio Nossa Senhora de Caravaggio, em Farroupilha \u2013 RS.\u00a0Sua posse em Teixeira&nbsp;<\/p>\n<p><a class=\"btn btn-style\" href=\"http:\/\/portalcatolico.net\/portal\/convite-para-posse-de-dom-jailton\/\">Continue Reading<\/a><\/p>\n","protected":false},"author":2,"featured_media":49013,"comment_status":"open","ping_status":"open","sticky":false,"template":"","format":"standard","meta":{"footnotes":""},"categories":[1],"tags":[],"class_list":["post-49012","post","type-post","status-publish","format-standard","has-post-thumbnail","hentry","category-agenda"],"_links":{"self":[{"href":"http:\/\/portalcatolico.net\/portal\/wp-json\/wp\/v2\/posts\/49012","targetHints":{"allow":["GET"]}}],"collection":[{"href":"http:\/\/portalcatolico.net\/portal\/wp-json\/wp\/v2\/posts"}],"about":[{"href":"http:\/\/portalcatolico.net\/portal\/wp-json\/wp\/v2\/types\/post"}],"author":[{"embeddable":true,"href":"http:\/\/portalcatolico.net\/portal\/wp-json\/wp\/v2\/users\/2"}],"replies":[{"embeddable":true,"href":"http:\/\/portalcatolico.net\/portal\/wp-json\/wp\/v2\/comments?post=49012"}],"version-history":[{"count":1,"href":"http:\/\/portalcatolico.net\/portal\/wp-json\/wp\/v2\/posts\/49012\/revisions"}],"predecessor-version":[{"id":49014,"href":"http:\/\/portalcatolico.net\/portal\/wp-json\/wp\/v2\/posts\/49012\/revisions\/49014"}],"wp:featuredmedia":[{"embeddable":true,"href":"http:\/\/portalcatolico.net\/portal\/wp-json\/wp\/v2\/media\/49013"}],"wp:attachment":[{"href":"http:\/\/portalcatolico.net\/portal\/wp-json\/wp\/v2\/media?parent=49012"}],"wp:term":[{"taxonomy":"category","embeddable":true,"href":"http:\/\/portalcatolico.net\/portal\/wp-json\/wp\/v2\/categories?post=49012"},{"taxonomy":"post_tag","embeddable":true,"href":"http:\/\/portalcatolico.net\/portal\/wp-json\/wp\/v2\/tags?post=49012"}],"curies":[{"name":"wp","href":"https:\/\/api.w.org\/{rel}","templated":true}]}}