{"id":49009,"date":"2018-01-30T00:03:01","date_gmt":"2018-01-30T03:03:01","guid":{"rendered":"http:\/\/portalcatolico.net\/portal\/?p=49009"},"modified":"2018-01-30T00:03:01","modified_gmt":"2018-01-30T03:03:01","slug":"ubata-padre-marcos-se-encontra-com-o-papa-francisco-em-audiencia-no-vaticano","status":"publish","type":"post","link":"http:\/\/portalcatolico.net\/portal\/ubata-padre-marcos-se-encontra-com-o-papa-francisco-em-audiencia-no-vaticano\/","title":{"rendered":"Ubat\u00e3: Padre Marcos se encontra com o Papa Francisco em audi\u00eancia no Vaticano"},"content":{"rendered":"<p>O Padre Marcos Alc\u00e2ntara participou, na \u00faltima sexta-feira (26), de uma audi\u00eancia com o Papa Francisco, no Vaticano. A audi\u00eancia fez parte das comemora\u00e7\u00f5es dos 25 anos de Sacerd\u00f3cio do p\u00e1roco ubatense. Padre Marcos ainda participou da celebra\u00e7\u00e3o de uma missa com o Papa na Capela de Sana Marta. Nas redes sociais \u00e9 grande a quantidade de publica\u00e7\u00f5es de cat\u00f3licos a respeito da visita do p\u00e1roco ubatense ao Vaticano. \u201cHomens de Deus. Muito orgulho\u201d, postou uma fiel. \u201cQue orgulho do nosso padre\u201d, disse outra. \u00a0O p\u00e1roco \u00e9 um verdadeiro estudioso. \u00c9 Doutor em Teologia B\u00edblica pela Universidade Gregoriana, em Roma, foi Reitor do Semin\u00e1rio S\u00e3o Jorge dos Ilh\u00e9us, e foi p\u00e1roco da Diocese de Limburg, na Alemanha, e da Igreja Cat\u00f3lica de Ibirapitanga.\u00a0O Padre Marcos, que faz 04 anos \u00e0 frente da Igreja Cat\u00f3lica de Ubat\u00e3 no dia 20 de fevereiro, ainda permanece em Roma e deve retornar ao munic\u00edpio nas pr\u00f3ximas semanas. (Ubat\u00e3 Not\u00edcias)<\/p>\n","protected":false},"excerpt":{"rendered":"<p>O Padre Marcos Alc\u00e2ntara participou, na \u00faltima sexta-feira (26), de uma audi\u00eancia com o Papa Francisco, no Vaticano. A audi\u00eancia fez parte das comemora\u00e7\u00f5es dos 25 anos de Sacerd\u00f3cio do p\u00e1roco ubatense. Padre Marcos ainda participou da celebra\u00e7\u00e3o de uma missa com o Papa na Capela de Sana Marta. Nas redes sociais \u00e9 grande a&nbsp;<\/p>\n<p><a class=\"btn btn-style\" href=\"http:\/\/portalcatolico.net\/portal\/ubata-padre-marcos-se-encontra-com-o-papa-francisco-em-audiencia-no-vaticano\/\">Continue Reading<\/a><\/p>\n","protected":false},"author":2,"featured_media":49010,"comment_status":"open","ping_status":"open","sticky":false,"template":"","format":"standard","meta":{"footnotes":""},"categories":[2],"tags":[],"class_list":["post-49009","post","type-post","status-publish","format-standard","has-post-thumbnail","hentry","category-eventos"],"_links":{"self":[{"href":"http:\/\/portalcatolico.net\/portal\/wp-json\/wp\/v2\/posts\/49009","targetHints":{"allow":["GET"]}}],"collection":[{"href":"http:\/\/portalcatolico.net\/portal\/wp-json\/wp\/v2\/posts"}],"about":[{"href":"http:\/\/portalcatolico.net\/portal\/wp-json\/wp\/v2\/types\/post"}],"author":[{"embeddable":true,"href":"http:\/\/portalcatolico.net\/portal\/wp-json\/wp\/v2\/users\/2"}],"replies":[{"embeddable":true,"href":"http:\/\/portalcatolico.net\/portal\/wp-json\/wp\/v2\/comments?post=49009"}],"version-history":[{"count":1,"href":"http:\/\/portalcatolico.net\/portal\/wp-json\/wp\/v2\/posts\/49009\/revisions"}],"predecessor-version":[{"id":49011,"href":"http:\/\/portalcatolico.net\/portal\/wp-json\/wp\/v2\/posts\/49009\/revisions\/49011"}],"wp:featuredmedia":[{"embeddable":true,"href":"http:\/\/portalcatolico.net\/portal\/wp-json\/wp\/v2\/media\/49010"}],"wp:attachment":[{"href":"http:\/\/portalcatolico.net\/portal\/wp-json\/wp\/v2\/media?parent=49009"}],"wp:term":[{"taxonomy":"category","embeddable":true,"href":"http:\/\/portalcatolico.net\/portal\/wp-json\/wp\/v2\/categories?post=49009"},{"taxonomy":"post_tag","embeddable":true,"href":"http:\/\/portalcatolico.net\/portal\/wp-json\/wp\/v2\/tags?post=49009"}],"curies":[{"name":"wp","href":"https:\/\/api.w.org\/{rel}","templated":true}]}}