{"id":48745,"date":"2018-01-28T22:28:30","date_gmt":"2018-01-29T01:28:30","guid":{"rendered":"http:\/\/portalcatolico.net\/portal\/?p=48745"},"modified":"2018-01-29T06:29:21","modified_gmt":"2018-01-29T09:29:21","slug":"catolicos-celebram-nossa-senhora-de-lourdes-em-coaraci","status":"publish","type":"post","link":"http:\/\/portalcatolico.net\/portal\/catolicos-celebram-nossa-senhora-de-lourdes-em-coaraci\/","title":{"rendered":"Cat\u00f3licos celebram Nossa Senhora de Lourdes em Coaraci"},"content":{"rendered":"<p style=\"font-weight: 400;\"><em>Em comemora\u00e7\u00e3o ao Jubileu de Ouro, que teve in\u00edcio no dia 22 de outubro de 2017, hoje\u00a0(28 de janeiro) teve a abertura do noven\u00e1rio \u00a0da Par\u00f3quia Nossa Senhora de Lourdes em Coaraci (BA). O momento de f\u00e9 e devo\u00e7\u00e3o foi realizado pelos paroquianos e devotos da santa, em uma grande carreata de f\u00e9, que percorreu v\u00e1rias ruas e avenidas da cidade por volta das 16h, com concentra\u00e7\u00e3o em frente \u00e0 igreja matriz.<\/em><\/p>\n<p style=\"font-weight: 400;\"><em>Ao final da carreata, o Padre Edinilson Vivas Batista \u00a0concedeu a ben\u00e7\u00e3o aos motoristas, ciclistas e motoqueiros presentes. Ele tamb\u00e9m aproveitou o momento para agradecer a todos e anunciou que na pr\u00f3xima quinta-feira (01), acontecer\u00e1 a prociss\u00e3o luminosa, \u00e0s 19h, na igreja matriz. No s\u00e1bado, acontecer\u00e1 a missa dos enfermos, \u00e0s 19h.<\/em><\/p>\n<p style=\"font-weight: 400;\"><em>No \u00faltimo s\u00e1bado (27), foi servido um delicioso caruru em prol da festa em homenagem \u00e0 padroeira de Coaraci.<\/em><\/p>\n<p style=\"font-weight: 400;\"><em>O tema central da festa \u00e9: \u201cCrist\u00e3os leigos e leigas, sujeitos na Igreja em sa\u00edda, a servi\u00e7o do reino\u201d.<\/em><\/p>\n<p style=\"font-weight: 400;\"><em>Vale lembrar que dia 02, na pra\u00e7a em frente \u00e0 igreja matriz, a Irm\u00e3 Ana Paula \u00a0estar\u00e1 \u00a0se apresentando com \u00a0muita m\u00fasica e louvor, \u00e0 partir das 21h.Participe!\u00a0<\/em><\/p>\n<p style=\"font-weight: 400;\">Fotos:Pastoral da Comunica\u00e7\u00e3o\/Igreja Matriz<\/p>\n<p style=\"font-weight: 400;\">Edi\u00e7\u00e3o de texto: Anara Passos (Comunic\u00f3loga- DRT 7574)<\/p>\n<p style=\"font-weight: 400;\"><img loading=\"lazy\" decoding=\"async\" class=\"alignnone size-medium wp-image-48747\" src=\"http:\/\/portalcatolico.net\/portal\/wp-content\/uploads\/2018\/01\/26992368_1581803775236903_1239696019075983414_n-300x225.jpg\" alt=\"26992368_1581803775236903_1239696019075983414_n\" width=\"300\" height=\"225\" srcset=\"http:\/\/portalcatolico.net\/portal\/wp-content\/uploads\/2018\/01\/26992368_1581803775236903_1239696019075983414_n-300x225.jpg 300w, http:\/\/portalcatolico.net\/portal\/wp-content\/uploads\/2018\/01\/26992368_1581803775236903_1239696019075983414_n-768x576.jpg 768w, http:\/\/portalcatolico.net\/portal\/wp-content\/uploads\/2018\/01\/26992368_1581803775236903_1239696019075983414_n.jpg 960w\" sizes=\"auto, (max-width: 300px) 100vw, 300px\" \/> <img loading=\"lazy\" decoding=\"async\" class=\"alignnone size-medium wp-image-48748\" src=\"http:\/\/portalcatolico.net\/portal\/wp-content\/uploads\/2018\/01\/26992520_829208483927869_8162819361941685560_n-300x201.jpg\" alt=\"26992520_829208483927869_8162819361941685560_n\" width=\"300\" height=\"201\" srcset=\"http:\/\/portalcatolico.net\/portal\/wp-content\/uploads\/2018\/01\/26992520_829208483927869_8162819361941685560_n-300x201.jpg 300w, http:\/\/portalcatolico.net\/portal\/wp-content\/uploads\/2018\/01\/26992520_829208483927869_8162819361941685560_n-768x514.jpg 768w, http:\/\/portalcatolico.net\/portal\/wp-content\/uploads\/2018\/01\/26992520_829208483927869_8162819361941685560_n.jpg 960w\" sizes=\"auto, (max-width: 300px) 100vw, 300px\" \/><img loading=\"lazy\" decoding=\"async\" class=\"alignnone size-medium wp-image-48749\" src=\"http:\/\/portalcatolico.net\/portal\/wp-content\/uploads\/2018\/01\/27336272_829208573927860_426306981916502802_n-300x201.jpg\" alt=\"27336272_829208573927860_426306981916502802_n\" width=\"300\" height=\"201\" srcset=\"http:\/\/portalcatolico.net\/portal\/wp-content\/uploads\/2018\/01\/27336272_829208573927860_426306981916502802_n-300x201.jpg 300w, http:\/\/portalcatolico.net\/portal\/wp-content\/uploads\/2018\/01\/27336272_829208573927860_426306981916502802_n-768x514.jpg 768w, http:\/\/portalcatolico.net\/portal\/wp-content\/uploads\/2018\/01\/27336272_829208573927860_426306981916502802_n.jpg 960w\" sizes=\"auto, (max-width: 300px) 100vw, 300px\" \/><img loading=\"lazy\" decoding=\"async\" class=\"alignnone size-medium wp-image-48750\" src=\"http:\/\/portalcatolico.net\/portal\/wp-content\/uploads\/2018\/01\/26993858_1581803295236951_1002789795773624193_n-300x225.jpg\" alt=\"26993858_1581803295236951_1002789795773624193_n\" width=\"300\" height=\"225\" srcset=\"http:\/\/portalcatolico.net\/portal\/wp-content\/uploads\/2018\/01\/26993858_1581803295236951_1002789795773624193_n-300x225.jpg 300w, http:\/\/portalcatolico.net\/portal\/wp-content\/uploads\/2018\/01\/26993858_1581803295236951_1002789795773624193_n-768x576.jpg 768w, http:\/\/portalcatolico.net\/portal\/wp-content\/uploads\/2018\/01\/26993858_1581803295236951_1002789795773624193_n.jpg 960w\" sizes=\"auto, (max-width: 300px) 100vw, 300px\" \/><\/p>\n","protected":false},"excerpt":{"rendered":"<p>Em comemora\u00e7\u00e3o ao Jubileu de Ouro, que teve in\u00edcio no dia 22 de outubro de 2017, hoje\u00a0(28 de janeiro) teve a abertura do noven\u00e1rio \u00a0da Par\u00f3quia Nossa Senhora de Lourdes em Coaraci (BA). O momento de f\u00e9 e devo\u00e7\u00e3o foi realizado pelos paroquianos e devotos da santa, em uma grande carreata de f\u00e9, que percorreu&nbsp;<\/p>\n<p><a class=\"btn btn-style\" href=\"http:\/\/portalcatolico.net\/portal\/catolicos-celebram-nossa-senhora-de-lourdes-em-coaraci\/\">Continue Reading<\/a><\/p>\n","protected":false},"author":2,"featured_media":48746,"comment_status":"open","ping_status":"open","sticky":false,"template":"","format":"standard","meta":{"footnotes":""},"categories":[2],"tags":[],"class_list":["post-48745","post","type-post","status-publish","format-standard","has-post-thumbnail","hentry","category-eventos"],"_links":{"self":[{"href":"http:\/\/portalcatolico.net\/portal\/wp-json\/wp\/v2\/posts\/48745","targetHints":{"allow":["GET"]}}],"collection":[{"href":"http:\/\/portalcatolico.net\/portal\/wp-json\/wp\/v2\/posts"}],"about":[{"href":"http:\/\/portalcatolico.net\/portal\/wp-json\/wp\/v2\/types\/post"}],"author":[{"embeddable":true,"href":"http:\/\/portalcatolico.net\/portal\/wp-json\/wp\/v2\/users\/2"}],"replies":[{"embeddable":true,"href":"http:\/\/portalcatolico.net\/portal\/wp-json\/wp\/v2\/comments?post=48745"}],"version-history":[{"count":1,"href":"http:\/\/portalcatolico.net\/portal\/wp-json\/wp\/v2\/posts\/48745\/revisions"}],"predecessor-version":[{"id":48751,"href":"http:\/\/portalcatolico.net\/portal\/wp-json\/wp\/v2\/posts\/48745\/revisions\/48751"}],"wp:featuredmedia":[{"embeddable":true,"href":"http:\/\/portalcatolico.net\/portal\/wp-json\/wp\/v2\/media\/48746"}],"wp:attachment":[{"href":"http:\/\/portalcatolico.net\/portal\/wp-json\/wp\/v2\/media?parent=48745"}],"wp:term":[{"taxonomy":"category","embeddable":true,"href":"http:\/\/portalcatolico.net\/portal\/wp-json\/wp\/v2\/categories?post=48745"},{"taxonomy":"post_tag","embeddable":true,"href":"http:\/\/portalcatolico.net\/portal\/wp-json\/wp\/v2\/tags?post=48745"}],"curies":[{"name":"wp","href":"https:\/\/api.w.org\/{rel}","templated":true}]}}