{"id":48738,"date":"2018-01-28T23:16:49","date_gmt":"2018-01-29T02:16:49","guid":{"rendered":"http:\/\/portalcatolico.net\/portal\/?p=48738"},"modified":"2018-01-29T06:19:50","modified_gmt":"2018-01-29T09:19:50","slug":"missa-celebra-instalacao-de-nova-diocese-em-cruz-das-almas","status":"publish","type":"post","link":"http:\/\/portalcatolico.net\/portal\/missa-celebra-instalacao-de-nova-diocese-em-cruz-das-almas\/","title":{"rendered":"Missa celebra instala\u00e7\u00e3o de nova Diocese em Cruz das Almas"},"content":{"rendered":"<p style=\"font-weight: 400;\">O Rec\u00f4ncavo Baiano ganhou uma nova diocese em Cruz das Almas. Neste domingo, 28 de janeiro, \u00e0s 10h,\u00a0aconteceu uma Solene Celebra\u00e7\u00e3o\u00a0\u00a0Eucar\u00edstica na pra\u00e7a <em>Senador Themistocles\u00a0<\/em>de Cruz das Almas, em frente\u00a0 \u00e0 Par\u00f3quia Nossa Senhora do Bom Sucesso (agora\u00a0 Catedral diocesana). Na oportunidade, aconteceu a posse do primeiro bispo diocesano, Dom Ant\u00f4nio Tourinho Neto.<\/p>\n<p style=\"font-weight: 400;\">\u201cEncontro-me neste belo dia que marcar\u00e1 para sempre a hist\u00f3ria de nossa igreja. Uma diocese almejada h\u00e1 quarenta anos: o tempo da caminhada do povo de Deus no deserto rumo \u00e0 terra prometida. Pensada pela primeira vez em 1977, pelo ent\u00e3o cardeal, Brand\u00e3o Vilela. Homens de f\u00e9 trabalharam para que o projeto hoje se tornasse realidade\u201d, disse Dom Tourinho.<\/p>\n<p style=\"font-weight: 400;\">Aproximadamente\u00a0 10 mil pessoas participaram deste momento\u00a0 de alegria e f\u00e9. Cat\u00f3licos de v\u00e1rias dioceses da Bahia e do Brasil se fizeram presentes, principalmente da Diocese de Jequi\u00e9, onde Dom Tourinho atuou por muitos anos como sacerdote.<\/p>\n<p style=\"font-weight: 400;\">A Celebra\u00e7\u00e3o Eucar\u00edstica foi presidida pelo Dom Giovanni D\u2019Aniello e concelebrada pelo Arcebispo da Arquidiocese de Salvador e Primaz do Brasil, Dom Murilo Krieger, e pelos bispos auxiliares: Dom Gilson Andrade da Silva, Dom Estevam dos Santos Silva Filho, Dom Marco Eug\u00eanio Galr\u00e3o Leite de Almeida e Dom H\u00e9lio Pereira dos Santos, entre outros bispos que comp\u00f5em\u00a0 o Regional Nordeste 3\u00a0da CNBB.<img loading=\"lazy\" decoding=\"async\" class=\"size-medium wp-image-48741 alignright\" src=\"http:\/\/portalcatolico.net\/portal\/wp-content\/uploads\/2018\/01\/27545614_622266644780893_883310301311549548_n-169x300.jpg\" alt=\"27545614_622266644780893_883310301311549548_n\" width=\"169\" height=\"300\" srcset=\"http:\/\/portalcatolico.net\/portal\/wp-content\/uploads\/2018\/01\/27545614_622266644780893_883310301311549548_n-169x300.jpg 169w, http:\/\/portalcatolico.net\/portal\/wp-content\/uploads\/2018\/01\/27545614_622266644780893_883310301311549548_n.jpg 540w\" sizes=\"auto, (max-width: 169px) 100vw, 169px\" \/><\/p>\n<p style=\"font-weight: 400;\">\u201cNa manh\u00e3 de hoje, cruzam-se o sonho e toda uma regi\u00e3o. E a aten\u00e7\u00e3o paterna do Papa Francisco, que voltando seus olhos para as necessidades das Igrejas do Brasil, criou essa nova diocese, colocada sob a prote\u00e7\u00e3o de Nossa Senhora do Bom Sucesso.\u201d, disse Dom Murilo Krieger.<\/p>\n<p style=\"font-weight: 400;\">Participaram da cerim\u00f4nia, autoridades\u00a0 pol\u00edticas e religiosas dos munic\u00edpios\u00a0 que, agora, comp\u00f5em a nova diocese.<\/p>\n<p style=\"font-weight: 400;\">A Diocese de Cruz das Almas\u00a0 ser\u00e1 composta por 10 munic\u00edpios e 17 par\u00f3quias com aproximadamente 325 mil habitantes. Os munic\u00edpios que comp\u00f5em a nova diocese s\u00e3o:\u00a0Cabaceira\u00a0 do Paragua\u00e7u, Cachoeira, Cruz das Almas, Governador Mangabeira, Maragogipe, Muritiba, Santo Amaro, S\u00e3o F\u00e9lix, Sapea\u00e7\u00fa e Saubara, todas no Rec\u00f4ncavo Baiano. Leitura da bula Apost\u00f3lica pelo chanceler da Arquidiocese de Salvador.<\/p>\n<p style=\"font-weight: 400;\">\u201cN\u00e3o \u00e9 que agora Cruz das Almas \u00e9 separada. Ela \u00e9 uma das partes, com sua responsabilidade, para caminharmos juntos. Quero parabenizar especialmente o Dom Tourinho que n\u00e3o foi escolhido por acaso\u201d, disse o bispo Dom Giovanni D\u2019Aniello.<\/p>\n<p>A Diocese de Cruz das Almas foi criada no dia\u00a022 de novembro\u00a0de\u00a02017, pelo\u00a0Papa Francisco, com desmembramento da\u00a0Arquidiocese de Salvador\u00a0(BA).<\/p>\n<p>Fotos: <em>Diego Azevedo\/Forte na Not\u00edcia e\u00a0<\/em>Reprodu\u00e7\u00e3o\/Facebook<\/p>\n<p style=\"font-weight: 400;\">Edi\u00e7\u00e3o de texto: Anara Passos (Jornalista- DRT 7574)<\/p>\n<p style=\"font-weight: 400;\"><img loading=\"lazy\" decoding=\"async\" class=\"wp-image-48743 aligncenter\" src=\"http:\/\/portalcatolico.net\/portal\/wp-content\/uploads\/2018\/01\/1-Bispo-em-Cruz-das-Almas-768x512-300x200.jpg\" alt=\"1-Bispo-em-Cruz-das-Almas-768x512\" width=\"480\" height=\"320\" srcset=\"http:\/\/portalcatolico.net\/portal\/wp-content\/uploads\/2018\/01\/1-Bispo-em-Cruz-das-Almas-768x512-300x200.jpg 300w, http:\/\/portalcatolico.net\/portal\/wp-content\/uploads\/2018\/01\/1-Bispo-em-Cruz-das-Almas-768x512.jpg 768w\" sizes=\"auto, (max-width: 480px) 100vw, 480px\" \/><\/p>\n","protected":false},"excerpt":{"rendered":"<p>O Rec\u00f4ncavo Baiano ganhou uma nova diocese em Cruz das Almas. Neste domingo, 28 de janeiro, \u00e0s 10h,\u00a0aconteceu uma Solene Celebra\u00e7\u00e3o\u00a0\u00a0Eucar\u00edstica na pra\u00e7a Senador Themistocles\u00a0de Cruz das Almas, em frente\u00a0 \u00e0 Par\u00f3quia Nossa Senhora do Bom Sucesso (agora\u00a0 Catedral diocesana). Na oportunidade, aconteceu a posse do primeiro bispo diocesano, Dom Ant\u00f4nio Tourinho Neto. \u201cEncontro-me neste&nbsp;<\/p>\n<p><a class=\"btn btn-style\" href=\"http:\/\/portalcatolico.net\/portal\/missa-celebra-instalacao-de-nova-diocese-em-cruz-das-almas\/\">Continue Reading<\/a><\/p>\n","protected":false},"author":2,"featured_media":48739,"comment_status":"open","ping_status":"open","sticky":false,"template":"","format":"standard","meta":{"footnotes":""},"categories":[68],"tags":[],"class_list":["post-48738","post","type-post","status-publish","format-standard","has-post-thumbnail","hentry","category-homilias"],"_links":{"self":[{"href":"http:\/\/portalcatolico.net\/portal\/wp-json\/wp\/v2\/posts\/48738","targetHints":{"allow":["GET"]}}],"collection":[{"href":"http:\/\/portalcatolico.net\/portal\/wp-json\/wp\/v2\/posts"}],"about":[{"href":"http:\/\/portalcatolico.net\/portal\/wp-json\/wp\/v2\/types\/post"}],"author":[{"embeddable":true,"href":"http:\/\/portalcatolico.net\/portal\/wp-json\/wp\/v2\/users\/2"}],"replies":[{"embeddable":true,"href":"http:\/\/portalcatolico.net\/portal\/wp-json\/wp\/v2\/comments?post=48738"}],"version-history":[{"count":3,"href":"http:\/\/portalcatolico.net\/portal\/wp-json\/wp\/v2\/posts\/48738\/revisions"}],"predecessor-version":[{"id":48744,"href":"http:\/\/portalcatolico.net\/portal\/wp-json\/wp\/v2\/posts\/48738\/revisions\/48744"}],"wp:featuredmedia":[{"embeddable":true,"href":"http:\/\/portalcatolico.net\/portal\/wp-json\/wp\/v2\/media\/48739"}],"wp:attachment":[{"href":"http:\/\/portalcatolico.net\/portal\/wp-json\/wp\/v2\/media?parent=48738"}],"wp:term":[{"taxonomy":"category","embeddable":true,"href":"http:\/\/portalcatolico.net\/portal\/wp-json\/wp\/v2\/categories?post=48738"},{"taxonomy":"post_tag","embeddable":true,"href":"http:\/\/portalcatolico.net\/portal\/wp-json\/wp\/v2\/tags?post=48738"}],"curies":[{"name":"wp","href":"https:\/\/api.w.org\/{rel}","templated":true}]}}