{"id":48732,"date":"2018-01-28T19:17:55","date_gmt":"2018-01-28T22:17:55","guid":{"rendered":"http:\/\/portalcatolico.net\/portal\/?p=48732"},"modified":"2018-01-28T19:19:10","modified_gmt":"2018-01-28T22:19:10","slug":"continua-o-novenario-do-padroeiro-de-ibicarai","status":"publish","type":"post","link":"http:\/\/portalcatolico.net\/portal\/continua-o-novenario-do-padroeiro-de-ibicarai\/","title":{"rendered":"Continua o Noven\u00e1rio do padroeiro de Ibicara\u00ed"},"content":{"rendered":"<p style=\"font-weight: 400;\"><em>Neste s\u00e1bado,<\/em>\u00a0<em>27 de janeiro, aconteceu 4\u00aa noite do Noven\u00e1rio e festa do Glorioso \u00a0Senhor Deus Menino, padroeiro de Ibicara\u00ed (BA). O subtema \u00a0da noite foi: \u201cSacramentos da Inicia\u00e7\u00e3o Crist\u00e3: inser\u00e7\u00e3o na Vida de Cristo, testemunhada na igreja e na sociedade\u201d. Os homenageados\u00a0 foram: A Comunidade S\u00e3o Jorge e\u00a0 Pastorais do Batismo e da Juventude.<\/em><\/p>\n<p style=\"font-weight: 400;\"><em>O padre \u00a0Jos\u00e9 Nunes Cardoso (da Par\u00f3quia Santo Ant\u00f4nio de Firmino Alves) foi quem presidiu a santa missa, repleta por uma multid\u00e3o de fieis. Eram tantas pessoas prestigiando essa noite especial, que foi preciso colocar um tel\u00e3o na pra\u00e7a da cidade para que todos pudessem acompanhar a missa ao vivo.<\/em><\/p>\n<p style=\"font-weight: 400;\"><em>Ao final da celebra\u00e7\u00e3o, teve muita confraterniza\u00e7\u00e3o, quermesse e m\u00fasica, que ficou por conta do <img loading=\"lazy\" decoding=\"async\" class=\" wp-image-48736 alignright\" src=\"http:\/\/portalcatolico.net\/portal\/wp-content\/uploads\/2018\/01\/27066836_1992206671103481_8943104481270186020_n-1-300x225.jpg\" alt=\"27066836_1992206671103481_8943104481270186020_n\" width=\"272\" height=\"204\" srcset=\"http:\/\/portalcatolico.net\/portal\/wp-content\/uploads\/2018\/01\/27066836_1992206671103481_8943104481270186020_n-1-300x225.jpg 300w, http:\/\/portalcatolico.net\/portal\/wp-content\/uploads\/2018\/01\/27066836_1992206671103481_8943104481270186020_n-1-768x576.jpg 768w, http:\/\/portalcatolico.net\/portal\/wp-content\/uploads\/2018\/01\/27066836_1992206671103481_8943104481270186020_n-1.jpg 960w\" sizes=\"auto, (max-width: 272px) 100vw, 272px\" \/>Minist\u00e9rio de M\u00fasica Senhor Deus Menino da Igreja matriz. A noite ainda seguiu animada com sorteios, momentos de louvor, e o flash mob com a Juventude. O Minist\u00e9rio de M\u00fasica da Comunidade Rainha da Paz (Compaz) de Itabuna, tamb\u00e9m animou a noite, com m\u00fasicas em ritmo de ax\u00e9, frevo, forr\u00f3, reggae e muito louvor ao Senhor Deus Menino, encerrando a noite com um grande Momento Oracional, junto com o Padre Wesley do Carmo, \u00a0padre da Igreja matriz.<\/em><\/p>\n<p style=\"font-weight: 400;\"><em>O noven\u00e1rio segue at\u00e9 sexta-feira, 02 de fevereiro, feriado municipal ,com duas missas: uma \u00e0s 7h e outra \u00e0s 17h. Elas ser\u00e3o presididas pelo bispo da Diocese de Itabuna, dom Carlos Alberto. Al\u00e9m disso, acontecer\u00e1 o t\u00e3o esperado o Show de Talentos. Participe!<\/em><\/p>\n<p style=\"font-weight: 400;\"><em>Confira as fotos desses momentos especiais, na p\u00e1gina a seguir:<a href=\"https:\/\/www.facebook.com\/pg\/paroquiaibicarai\/photos\/?tab=album&amp;album_id=1992205907770224\" data-saferedirecturl=\"https:\/\/www.google.com\/url?hl=pt-BR&amp;q=https:\/\/www.facebook.com\/pg\/paroquiaibicarai\/photos\/?tab%3Dalbum%26album_id%3D1992205907770224&amp;source=gmail&amp;ust=1517264058061000&amp;usg=AFQjCNHqoxgx_ovXMYcxvxDhDhU__mzJwg\">https:\/\/www.facebook.com\/pg\/paroquiaibicarai\/photos\/?tab=album&amp;album_id=1992205907770224<\/a><\/em><\/p>\n<p style=\"font-weight: 400;\">Edi\u00e7\u00e3o de texto: Anara Passos (Jornalista- DRT 7574)<\/p>\n","protected":false},"excerpt":{"rendered":"<p>Neste s\u00e1bado,\u00a027 de janeiro, aconteceu 4\u00aa noite do Noven\u00e1rio e festa do Glorioso \u00a0Senhor Deus Menino, padroeiro de Ibicara\u00ed (BA). O subtema \u00a0da noite foi: \u201cSacramentos da Inicia\u00e7\u00e3o Crist\u00e3: inser\u00e7\u00e3o na Vida de Cristo, testemunhada na igreja e na sociedade\u201d. Os homenageados\u00a0 foram: A Comunidade S\u00e3o Jorge e\u00a0 Pastorais do Batismo e da Juventude. O&nbsp;<\/p>\n<p><a class=\"btn btn-style\" href=\"http:\/\/portalcatolico.net\/portal\/continua-o-novenario-do-padroeiro-de-ibicarai\/\">Continue Reading<\/a><\/p>\n","protected":false},"author":2,"featured_media":48734,"comment_status":"open","ping_status":"open","sticky":false,"template":"","format":"standard","meta":{"footnotes":""},"categories":[4],"tags":[],"class_list":["post-48732","post","type-post","status-publish","format-standard","has-post-thumbnail","hentry","category-destaques"],"_links":{"self":[{"href":"http:\/\/portalcatolico.net\/portal\/wp-json\/wp\/v2\/posts\/48732","targetHints":{"allow":["GET"]}}],"collection":[{"href":"http:\/\/portalcatolico.net\/portal\/wp-json\/wp\/v2\/posts"}],"about":[{"href":"http:\/\/portalcatolico.net\/portal\/wp-json\/wp\/v2\/types\/post"}],"author":[{"embeddable":true,"href":"http:\/\/portalcatolico.net\/portal\/wp-json\/wp\/v2\/users\/2"}],"replies":[{"embeddable":true,"href":"http:\/\/portalcatolico.net\/portal\/wp-json\/wp\/v2\/comments?post=48732"}],"version-history":[{"count":2,"href":"http:\/\/portalcatolico.net\/portal\/wp-json\/wp\/v2\/posts\/48732\/revisions"}],"predecessor-version":[{"id":48737,"href":"http:\/\/portalcatolico.net\/portal\/wp-json\/wp\/v2\/posts\/48732\/revisions\/48737"}],"wp:featuredmedia":[{"embeddable":true,"href":"http:\/\/portalcatolico.net\/portal\/wp-json\/wp\/v2\/media\/48734"}],"wp:attachment":[{"href":"http:\/\/portalcatolico.net\/portal\/wp-json\/wp\/v2\/media?parent=48732"}],"wp:term":[{"taxonomy":"category","embeddable":true,"href":"http:\/\/portalcatolico.net\/portal\/wp-json\/wp\/v2\/categories?post=48732"},{"taxonomy":"post_tag","embeddable":true,"href":"http:\/\/portalcatolico.net\/portal\/wp-json\/wp\/v2\/tags?post=48732"}],"curies":[{"name":"wp","href":"https:\/\/api.w.org\/{rel}","templated":true}]}}