{"id":48727,"date":"2018-01-28T19:09:13","date_gmt":"2018-01-28T22:09:13","guid":{"rendered":"http:\/\/portalcatolico.net\/portal\/?p=48727"},"modified":"2018-01-28T19:11:32","modified_gmt":"2018-01-28T22:11:32","slug":"padre-gilvan-e-o-novo-paroco-da-catedral-de-itabuna","status":"publish","type":"post","link":"http:\/\/portalcatolico.net\/portal\/padre-gilvan-e-o-novo-paroco-da-catedral-de-itabuna\/","title":{"rendered":"Padre Gilvan \u00e9 o novo p\u00e1roco da Catedral de Itabuna"},"content":{"rendered":"<p class=\"m_8365638500045872617xgmail-msonospacing\"><em>A Par\u00f3quia e Catedral Diocesana S\u00e3o Jos\u00e9 em Itabuna (BA), recebeu seu novo p\u00e1roco, neste s\u00e1bado, 27, \u00e1s 18h. Trata-se do Padre Gilvan de Oliveira Souza. Vindo da Par\u00f3quia de S\u00e3o Jos\u00e9, da cidade de Uma (BA).<\/em><u><\/u><u><\/u><\/p>\n<p class=\"m_8365638500045872617xgmail-msonospacing\"><em>Inicialmente, o chanceler da c\u00faria, o Padre Mois\u00e9s, leu a provis\u00e3o com a nomea\u00e7\u00e3o do novo p\u00e1roco e em seguida, Padre Gilvan proferiu a Profiss\u00e3o de F\u00e9.<\/em>\u00a0<em>A celebra\u00e7\u00e3o foi presidida pelo Bispo Diocesano Dom Carlos Alberto dos Santos \u00a0e concelebrada pelo Monsenhor Mois\u00e9s de Sousa e diversos sacerdotes, di\u00e1conos e seminaristas.<\/em><u><\/u><u><\/u><\/p>\n<p class=\"m_8365638500045872617xgmail-msonospacing\"><em>Na homilia, Dom Carlos falou da necessidade pastoral que motivou a transfer\u00eancia do Padre Gilvan e agradeceu ao sacerdote pelo seu \u201c<b>sim<\/b>\u201d: \u201cDepois de 13 anos estamos fazendo esse novo encontro apresentando um novo pastor para nossa par\u00f3quia.Agradecemos a Deus por todos que por aqui passaram.\u00a0 Agradecemos pelos feitos, pelo carinho, pela disponibilidade e servi\u00e7o. E queremos pedir a Deus que aben\u00e7oe a esta nova etapa agora atrav\u00e9s de Padre Gilvan que vem de Uma para servir a esta par\u00f3quia\u201d.<\/em><u><\/u><u><\/u><\/p>\n<p class=\"m_8365638500045872617xgmail-msonospacing\"><em>Em seguida, seguiu-se a celebra\u00e7\u00e3o e o rito de posse onde o novo p\u00e1roco recebeu as chaves da Igreja, chave do Sacr\u00e1rio (um momento de Adora\u00e7\u00e3o ao Sant\u00edssimo), Batist\u00e9rio, Estola roxa para o uso cotidiano, e fez o juramento de fidelidade. Em seguida, os padres presentes assinaram documentos de posse juntamente com o padre Gilvan.\u00a0\u00a0<\/em><u><\/u><u><\/u><\/p>\n<p class=\"m_8365638500045872617xgmail-msonospacing\"><em>Em seu discurso, o Padre Gilvan expressou sua expectativa e alegria com a nova miss\u00e3o e destacou: \u201cVou manter\u00e1 tradi\u00e7\u00e3o de louvar e agradecer o Deus da vida. Inicio essa nova miss\u00e3o, renovado. Louvo o aquecer do meu cora\u00e7\u00e3o em servir e hoje arde em meu peito a mesma chama da minha ordena\u00e7\u00e3o sacerdotal (&#8230;)\u201d<\/em><u><\/u><u><\/u><\/p>\n<p class=\"m_8365638500045872617xgmail-msonospacing\"><em>\u00a0Participaram da cerim\u00f4nia de posse, os seus amigos, familiares e os paroquianos da cidade de Uma.<\/em><u><\/u><u><\/u><\/p>\n<p><em>Ao final da celebra\u00e7\u00e3o, leigos deram as boas- vindas ao novo p\u00e1roco.<\/em><em><sub>\u00a0<\/sub><\/em><u><\/u><u><\/u><\/p>\n<p><em><sub>Edi\u00e7\u00e3o\u00a0<\/sub><\/em><sub>de texto: Anara Passos<\/sub><u><\/u><u><\/u><\/p>\n<p><sub>Reportagem: Valdeni Elias<\/sub><\/p>\n<p>Confira MAIS fotos clicando <a href=\"http:\/\/portalcatolico.net\/portal\/index.php\/posse-do-padre-gilvam-em-itabuna\/\"><span style=\"color: #0000ff;\">AQUI<\/span><\/a><\/p>\n","protected":false},"excerpt":{"rendered":"<p>A Par\u00f3quia e Catedral Diocesana S\u00e3o Jos\u00e9 em Itabuna (BA), recebeu seu novo p\u00e1roco, neste s\u00e1bado, 27, \u00e1s 18h. Trata-se do Padre Gilvan de Oliveira Souza. Vindo da Par\u00f3quia de S\u00e3o Jos\u00e9, da cidade de Uma (BA). Inicialmente, o chanceler da c\u00faria, o Padre Mois\u00e9s, leu a provis\u00e3o com a nomea\u00e7\u00e3o do novo p\u00e1roco e&nbsp;<\/p>\n<p><a class=\"btn btn-style\" href=\"http:\/\/portalcatolico.net\/portal\/padre-gilvan-e-o-novo-paroco-da-catedral-de-itabuna\/\">Continue Reading<\/a><\/p>\n","protected":false},"author":2,"featured_media":48728,"comment_status":"open","ping_status":"open","sticky":false,"template":"","format":"standard","meta":{"footnotes":""},"categories":[68],"tags":[],"class_list":["post-48727","post","type-post","status-publish","format-standard","has-post-thumbnail","hentry","category-homilias"],"_links":{"self":[{"href":"http:\/\/portalcatolico.net\/portal\/wp-json\/wp\/v2\/posts\/48727","targetHints":{"allow":["GET"]}}],"collection":[{"href":"http:\/\/portalcatolico.net\/portal\/wp-json\/wp\/v2\/posts"}],"about":[{"href":"http:\/\/portalcatolico.net\/portal\/wp-json\/wp\/v2\/types\/post"}],"author":[{"embeddable":true,"href":"http:\/\/portalcatolico.net\/portal\/wp-json\/wp\/v2\/users\/2"}],"replies":[{"embeddable":true,"href":"http:\/\/portalcatolico.net\/portal\/wp-json\/wp\/v2\/comments?post=48727"}],"version-history":[{"count":3,"href":"http:\/\/portalcatolico.net\/portal\/wp-json\/wp\/v2\/posts\/48727\/revisions"}],"predecessor-version":[{"id":48731,"href":"http:\/\/portalcatolico.net\/portal\/wp-json\/wp\/v2\/posts\/48727\/revisions\/48731"}],"wp:featuredmedia":[{"embeddable":true,"href":"http:\/\/portalcatolico.net\/portal\/wp-json\/wp\/v2\/media\/48728"}],"wp:attachment":[{"href":"http:\/\/portalcatolico.net\/portal\/wp-json\/wp\/v2\/media?parent=48727"}],"wp:term":[{"taxonomy":"category","embeddable":true,"href":"http:\/\/portalcatolico.net\/portal\/wp-json\/wp\/v2\/categories?post=48727"},{"taxonomy":"post_tag","embeddable":true,"href":"http:\/\/portalcatolico.net\/portal\/wp-json\/wp\/v2\/tags?post=48727"}],"curies":[{"name":"wp","href":"https:\/\/api.w.org\/{rel}","templated":true}]}}