{"id":48721,"date":"2018-01-28T18:34:18","date_gmt":"2018-01-28T21:34:18","guid":{"rendered":"http:\/\/portalcatolico.net\/portal\/?p=48721"},"modified":"2018-01-28T18:34:18","modified_gmt":"2018-01-28T21:34:18","slug":"confira-como-foi-o-encerramento-do-enf-2018","status":"publish","type":"post","link":"http:\/\/portalcatolico.net\/portal\/confira-como-foi-o-encerramento-do-enf-2018\/","title":{"rendered":"Confira como foi o encerramento do ENF 2018"},"content":{"rendered":"<p>O Encontro Nacional de Forma\u00e7\u00e3o da Renova\u00e7\u00e3o Carism\u00e1tica Cat\u00f3lica foi encerrado na manh\u00e3 deste domingo (28), no Centro de Evangeliza\u00e7\u00e3o Dom Jo\u00e3o Hip\u00f3lito de Morais, em Cachoeira Paulista (SP), com a Santa Missa, presidida por Dom Alberto Taveira, assessor eclesi\u00e1stico da RCCBRASIL e concelebrada por Dom Jos\u00e9 Aparecido, bispo auxiliar de Bras\u00edlia (DF), Dom Derek John Christopher Byrne, Bispo de Primavera do Leste\u2013Paranatinga (MT), Monsenhor Jonas Abib da Comunidade Can\u00e7\u00e3o Nova e os demais sacerdotes, di\u00e1conos e seminaristas.<\/p>\n<p><a href=\"https:\/\/www.rccbrasil.org.br\/eventos\/index.php\/component\/content\/article\/51-enf2018\/1305-homilia-completa-de-dom-alberto-taveira-na-missa-de-encerramento-do-enf-2018.html\">Na homilia, Dom Alberto Taveira falou sobre as mensagens \u00e0s sete igrejas do Livro do Apocalipse<\/a>. Ressaltou tamb\u00e9m a miss\u00e3o da RCC nesse ano dedicado aos leigos no Brasil. \u201cE aqui estamos, Renova\u00e7\u00e3o Carism\u00e1tica Cat\u00f3lica do Brasil, no encerramento de um Encontro Nacional de Forma\u00e7\u00e3o. Olhando para nossa hist\u00f3ria, mas, mais do que tudo, olhando para Jesus, queremos ouvir o que o Esp\u00edrito Santo nos diz! Tamb\u00e9m n\u00f3s recebemos, sendo batizados, a miss\u00e3o prof\u00e9tica, real e sacerdotal. Nesse ano, dedicado a Igreja do Brasil \u00e0 miss\u00e3o dos leigos, desejamos tomar posse de nossa miss\u00e3o. Como Jesus com seus primeiros disc\u00edpulos, somos tamb\u00e9m chamados, consagrados e enviados\u201d, disse.<\/p>\n<p>O assessor eclesi\u00e1stico da RCCBRASIL falou tamb\u00e9m sobre a convers\u00e3o sincera, necess\u00e1ria para todos. \u201cEis que estou \u00e0 porta e bato! No final, chegamos ao tema do ano para a Renova\u00e7\u00e3o Carism\u00e1tica Cat\u00f3lica. Ainda que ressoe de forma t\u00e3o bonita em nosso cora\u00e7\u00e3o, sabemos que a palavra dirigida \u00e0 Comunidade de Laodic\u00e9ia \u00e9 um chamado forte \u00e0 Convers\u00e3o sincera, t\u00e3o necess\u00e1ria para todos n\u00f3s, sem exce\u00e7\u00e3o! Brote como uma torrente o convite \u00e0 supera\u00e7\u00e3o da vaidade, narcisismo, e autossufici\u00eancia. N\u00e3o somos melhores do que os outros! Compremos, com o pre\u00e7o do Sangue de Jesus, o ouro da intimidade com Deus, as vestes brancas da santidade e o col\u00edrio para ungir nossos olhos e estes se abram para a a\u00e7\u00e3o de Deus! Aceitar e fazer festa pela repreens\u00e3o e pelas corre\u00e7\u00f5es que nos v\u00eam do Senhor\u201d, exortou.<\/p>\n<p>O Monsenhor Jonas Abib, Fundador da Can\u00e7\u00e3o Nova, agradeceu \u00e0 Renova\u00e7\u00e3o Carism\u00e1tica por ter realizado o ENF na sede e a deixou \u00e0 disposi\u00e7\u00e3o para outros eventos do Movimento. \u201cObrigado \u00e0 Renova\u00e7\u00e3o Carism\u00e1tica Cat\u00f3lica do Brasil por ter escolhido a Can\u00e7\u00e3o Nova como sede desse ENF. Agrade\u00e7o a todos pela presen\u00e7a de voc\u00eas. A Can\u00e7\u00e3o Nova estar\u00e1 sempre \u00e0 disposi\u00e7\u00e3o para a RCC fazer o ENF aqui e todos os outros encontros que quiserem fazer. Muito obrigado! Deus aben\u00e7oe!\u201d, concluiu.<\/p>\n<p>Katia Roldi Zavaris, presidente do Conselho Nacional da RCCBRASIL agradeceu \u00e0 Can\u00e7\u00e3o Nova, ao Monsenhor Jonas Abib, aos servos, sacerdotes, di\u00e1conos, seminaristas, religiosos, aos Bispos, a Dom Alberto Taveira, pregadores e todos que estiveram no encontro. Ela tamb\u00e9m deixou uma mensagem para os participantes: \u201cO amor de Deus os consuma, os revista e os fortale\u00e7a\u201d, disse. Por fim, convidou para o ENF 2019 do Jubileu de Ouro da RCC no Brasil que ser\u00e1 realizado novamente na Can\u00e7\u00e3o Nova entre os dias 9 e 13 de janeiro. J\u00e1 a Escola de L\u00edderes ser\u00e1 entre 13 e 23 do mesmo m\u00eas.<\/p>\n<p>Em entrevista, Katia sintetizou o ENF 2018. \u201cQue alegria! Palavras sobre o ENF: gratid\u00e3o, poder de Deus, gl\u00f3ria de Deus, carinho, amor de Deus, transforma\u00e7\u00e3o, maturidade espiritual, novo tempo para a Renova\u00e7\u00e3o Carism\u00e1tica Cat\u00f3lica. Esse \u00e9 o resumo do ENF. Deus os aben\u00e7oe\u201d, concluiu.<\/p>\n<p>Jonnatha Augusto Barreto, do Grupo de Ora\u00e7\u00e3o Chama de Pentecostes, da Arquidiocese da Para\u00edba, falou sobre suas impress\u00f5es do encontro. \u201cEsse ENF foi prof\u00e9tico para nossa vida. Foi um verdadeiro chamado para uma convers\u00e3o sincera e radical, principalmente nas prega\u00e7\u00f5es de ontem, quando falavam de uma ruptura total com o mundanismo e o relativismo. Ent\u00e3o, eu creio firmemente que, se n\u00f3s tomarmos consci\u00eancia e posse de todas as promessas feitas aqui, veremos uma Renova\u00e7\u00e3o totalmente transformada no Esp\u00edrito Santo\u201d, disse.<\/p>\n<p>J\u00falia Goulart, do Grupo de Ora\u00e7\u00e3o Nova Vida, da Diocese de Lorena (SP), tamb\u00e9m falou sobre as marcas do ENF para sua vida espiritual e sua comunidade. \u201c\u00c9 muito lindo ver todos n\u00f3s unidos nos momentos de ora\u00e7\u00e3o, como Igreja, como irm\u00e3os e \u00e9 maravilhoso ser cat\u00f3lico, ser RCC. Eu espero poder passar essa alegria, transbordar todo esse amor e essa uni\u00e3o para todos os meus irm\u00e3os da minha comunidade, do meu Grupo\u201d, afirmou.<\/p>\n<p>Fonte:RCCBRASIL<\/p>\n","protected":false},"excerpt":{"rendered":"<p>O Encontro Nacional de Forma\u00e7\u00e3o da Renova\u00e7\u00e3o Carism\u00e1tica Cat\u00f3lica foi encerrado na manh\u00e3 deste domingo (28), no Centro de Evangeliza\u00e7\u00e3o Dom Jo\u00e3o Hip\u00f3lito de Morais, em Cachoeira Paulista (SP), com a Santa Missa, presidida por Dom Alberto Taveira, assessor eclesi\u00e1stico da RCCBRASIL e concelebrada por Dom Jos\u00e9 Aparecido, bispo auxiliar de Bras\u00edlia (DF), Dom Derek&nbsp;<\/p>\n<p><a class=\"btn btn-style\" href=\"http:\/\/portalcatolico.net\/portal\/confira-como-foi-o-encerramento-do-enf-2018\/\">Continue Reading<\/a><\/p>\n","protected":false},"author":2,"featured_media":48722,"comment_status":"open","ping_status":"open","sticky":false,"template":"","format":"standard","meta":{"footnotes":""},"categories":[2],"tags":[],"class_list":["post-48721","post","type-post","status-publish","format-standard","has-post-thumbnail","hentry","category-eventos"],"_links":{"self":[{"href":"http:\/\/portalcatolico.net\/portal\/wp-json\/wp\/v2\/posts\/48721","targetHints":{"allow":["GET"]}}],"collection":[{"href":"http:\/\/portalcatolico.net\/portal\/wp-json\/wp\/v2\/posts"}],"about":[{"href":"http:\/\/portalcatolico.net\/portal\/wp-json\/wp\/v2\/types\/post"}],"author":[{"embeddable":true,"href":"http:\/\/portalcatolico.net\/portal\/wp-json\/wp\/v2\/users\/2"}],"replies":[{"embeddable":true,"href":"http:\/\/portalcatolico.net\/portal\/wp-json\/wp\/v2\/comments?post=48721"}],"version-history":[{"count":1,"href":"http:\/\/portalcatolico.net\/portal\/wp-json\/wp\/v2\/posts\/48721\/revisions"}],"predecessor-version":[{"id":48723,"href":"http:\/\/portalcatolico.net\/portal\/wp-json\/wp\/v2\/posts\/48721\/revisions\/48723"}],"wp:featuredmedia":[{"embeddable":true,"href":"http:\/\/portalcatolico.net\/portal\/wp-json\/wp\/v2\/media\/48722"}],"wp:attachment":[{"href":"http:\/\/portalcatolico.net\/portal\/wp-json\/wp\/v2\/media?parent=48721"}],"wp:term":[{"taxonomy":"category","embeddable":true,"href":"http:\/\/portalcatolico.net\/portal\/wp-json\/wp\/v2\/categories?post=48721"},{"taxonomy":"post_tag","embeddable":true,"href":"http:\/\/portalcatolico.net\/portal\/wp-json\/wp\/v2\/tags?post=48721"}],"curies":[{"name":"wp","href":"https:\/\/api.w.org\/{rel}","templated":true}]}}