{"id":48718,"date":"2018-01-28T07:48:16","date_gmt":"2018-01-28T10:48:16","guid":{"rendered":"http:\/\/portalcatolico.net\/portal\/?p=48718"},"modified":"2018-01-28T18:45:07","modified_gmt":"2018-01-28T21:45:07","slug":"cantora-catolica-vai-abrilhantar-a-festa-do-jubileu-de-ouro-de-paroquia-em-coaraci","status":"publish","type":"post","link":"http:\/\/portalcatolico.net\/portal\/cantora-catolica-vai-abrilhantar-a-festa-do-jubileu-de-ouro-de-paroquia-em-coaraci\/","title":{"rendered":"Cantora Cat\u00f3lica vai abrilhantar a Festa do Jubileu de Ouro de par\u00f3quia em Coaraci"},"content":{"rendered":"<p>Os preparativos para celebrar o Jubileu de Ouro da Par\u00f3quia Nossa Senhora de Lourdes\u00a0\u00a0de Coaraci (BA), est\u00e1 \u00e0 todo vapor. Os 50 anos de funda\u00e7\u00e3o da igreja matriz come\u00e7ar\u00e3o a ser comemorados na pr\u00f3xima sexta-feira dia, 02 de fevereiro. E para abrilhantar este momento especial, a festa vai come\u00e7ar com um grande show da cantora Irm\u00e3 Ana Paula\u00a0(CMES), um dos maiores nomes \u00a0da atualidade da m\u00fasica Cat\u00f3lica.<\/p>\n<p>Irm\u00e3 Ana Paula \u00e9 freira, pertencente ao Instituto Carmelitas Mensageiros do Esp\u00edrito Santo. Ela possui uma das mais belas vozes da m\u00fasica cat\u00f3lica brasileira. \u201cO momento \u00e9 de muita alegria e expectativa para todos \u00a0os cat\u00f3licos, pois com as m\u00fasicas dela e seu testemunho de vida, j\u00e1 tivemos lindas experi\u00eancias com Deus\u201d, disse uma carism\u00e1tica.<\/p>\n<p>O show est\u00e1 previsto para come\u00e7ar \u00e0s 21h e acontecer\u00e1 em frente \u00e0 igreja matriz, no centro da cidade, de forma gratuita.<\/p>\n<p>Vale ressaltar que a Par\u00f3quia Nossa Senhora de Lourdes pertence \u00e0 Diocese de Ilh\u00e9us.<\/p>\n<p><strong>\u00a0<\/strong><strong>Conhe\u00e7a um pouco a trajet\u00f3ria da Irm\u00e3 Ana Paula, CMES.<\/strong><\/p>\n<p>Irm\u00e3 Ana Paula Neves Ramalho nasceu no dia 15 de novembro de 1984 em Porto Belo\/ES. Desde muito pequena acompanhava seu \u00a0pai que cantava e tocava viol\u00e3o nas festas dos amigos. Entre batidas de colher e cantatas, Ana foi introduzida na arte. Quando tinha 13 anos aprendeu a tocar viol\u00e3o e come\u00e7ou a ajudar sua par\u00f3quia, a partir da\u00ed o dom foi surgindo e quando percebeu estava ministrando em retiros de v\u00e1rias cidades na Diocese de S\u00e3o Mateus (ES). Ainda aos 13 anos sentiu um forte chamado em seu cora\u00e7\u00e3o, iniciou ent\u00e3o um processo de discernimento para compreender e buscar a vontade de Deus. A ora\u00e7\u00e3o, reflex\u00e3o e a profunda comunh\u00e3o com Cristo, fez com que encontrasse em seu caminho uma por\u00e7\u00e3o de sinais, principalmente atrav\u00e9s da biografia de Santa Teresinha do Menino jesus, que lhe indicaram que a vontade do Pai \u00e9 que ela fosse inteiramente Dele. E assim o fez, ingressando no Instituto das Irm\u00e3s Carmelitas Mensageiras do Esp\u00edrito Santo aos 19 anos de idade no dia 15 de maio de 2004. J\u00e1 atuou como ajudante de forma\u00e7\u00e3o, coordenadora de grupo de ora\u00e7\u00e3o e do Minist\u00e9rio Mensageiros do Esp\u00edrito, onde esteve \u00e0 frente da produ\u00e7\u00e3o dos \u00faltimos CDs, al\u00e9m de outros trabalhos internos. Atualmente \u00e9 ministra de m\u00fasica, compositora e pregadora dentro do Instituto das Irm\u00e3s Carmelitas. Com o Minist\u00e9rio Mensageiros do Esp\u00edrito lan\u00e7ou 3 CDs, sendo eles: Mensageiros do Esp\u00edrito (2008), Incompar\u00e1vel Deus, Ao Vivo (2014), no qual est\u00e1 a can\u00e7\u00e3o \u201cSopra em N\u00f3s\u201d, sua m\u00fasica mais conhecida, Gl\u00f3ria Sobrenatural Ao Vivo (2017).<\/p>\n<p>Foto:Divulga\u00e7\u00e3o<\/p>\n<p>Edi\u00e7\u00e3o de texto: Anara Passos (Jornalista- DRT 7574)<\/p>\n<p><em>\u00a0<\/em><\/p>\n","protected":false},"excerpt":{"rendered":"<p>Os preparativos para celebrar o Jubileu de Ouro da Par\u00f3quia Nossa Senhora de Lourdes\u00a0\u00a0de Coaraci (BA), est\u00e1 \u00e0 todo vapor. Os 50 anos de funda\u00e7\u00e3o da igreja matriz come\u00e7ar\u00e3o a ser comemorados na pr\u00f3xima sexta-feira dia, 02 de fevereiro. E para abrilhantar este momento especial, a festa vai come\u00e7ar com um grande show da cantora&nbsp;<\/p>\n<p><a class=\"btn btn-style\" href=\"http:\/\/portalcatolico.net\/portal\/cantora-catolica-vai-abrilhantar-a-festa-do-jubileu-de-ouro-de-paroquia-em-coaraci\/\">Continue Reading<\/a><\/p>\n","protected":false},"author":2,"featured_media":48725,"comment_status":"open","ping_status":"open","sticky":false,"template":"","format":"standard","meta":{"footnotes":""},"categories":[1],"tags":[],"class_list":["post-48718","post","type-post","status-publish","format-standard","has-post-thumbnail","hentry","category-agenda"],"_links":{"self":[{"href":"http:\/\/portalcatolico.net\/portal\/wp-json\/wp\/v2\/posts\/48718","targetHints":{"allow":["GET"]}}],"collection":[{"href":"http:\/\/portalcatolico.net\/portal\/wp-json\/wp\/v2\/posts"}],"about":[{"href":"http:\/\/portalcatolico.net\/portal\/wp-json\/wp\/v2\/types\/post"}],"author":[{"embeddable":true,"href":"http:\/\/portalcatolico.net\/portal\/wp-json\/wp\/v2\/users\/2"}],"replies":[{"embeddable":true,"href":"http:\/\/portalcatolico.net\/portal\/wp-json\/wp\/v2\/comments?post=48718"}],"version-history":[{"count":2,"href":"http:\/\/portalcatolico.net\/portal\/wp-json\/wp\/v2\/posts\/48718\/revisions"}],"predecessor-version":[{"id":48726,"href":"http:\/\/portalcatolico.net\/portal\/wp-json\/wp\/v2\/posts\/48718\/revisions\/48726"}],"wp:featuredmedia":[{"embeddable":true,"href":"http:\/\/portalcatolico.net\/portal\/wp-json\/wp\/v2\/media\/48725"}],"wp:attachment":[{"href":"http:\/\/portalcatolico.net\/portal\/wp-json\/wp\/v2\/media?parent=48718"}],"wp:term":[{"taxonomy":"category","embeddable":true,"href":"http:\/\/portalcatolico.net\/portal\/wp-json\/wp\/v2\/categories?post=48718"},{"taxonomy":"post_tag","embeddable":true,"href":"http:\/\/portalcatolico.net\/portal\/wp-json\/wp\/v2\/tags?post=48718"}],"curies":[{"name":"wp","href":"https:\/\/api.w.org\/{rel}","templated":true}]}}