{"id":48474,"date":"2018-01-27T21:58:24","date_gmt":"2018-01-28T00:58:24","guid":{"rendered":"http:\/\/portalcatolico.net\/portal\/?p=48474"},"modified":"2018-01-28T07:41:22","modified_gmt":"2018-01-28T10:41:22","slug":"monsenhor-moises-toma-posse-em-paroquia-de-santa-luzia","status":"publish","type":"post","link":"http:\/\/portalcatolico.net\/portal\/monsenhor-moises-toma-posse-em-paroquia-de-santa-luzia\/","title":{"rendered":"Monsenhor Mois\u00e9s toma posse em par\u00f3quia de Santa Luzia"},"content":{"rendered":"<p><em>Ap\u00f3s 13 anos como p\u00e1roco da Catedral de S\u00e3o Jos\u00e9 em Itabuna (BA), Monsenhor Mois\u00e9s tomou posse nesta sexta-feira (26), na Par\u00f3quia Santa Luzia em Santa Luzia (BA).<\/em><\/p>\n<p><em>A solenidade de posse can\u00f4nica come\u00e7ou \u00e0s 18h, na C\u00e2mara de Vereadores com a entrega da chave da cidade. \u00a0O Padre Jos\u00e9 Roberto, que estava presente, fez um pedido especial: \u201cGostar\u00edamos que os prefeitos, os vereadores, as for\u00e7as vivas de Santa Luzia, entregassem n\u00e3o apenas a chave da cidade, mas as chaves tamb\u00e9m dos seus cora\u00e7\u00f5es.\u201d Em seguida, todos seguiram em prociss\u00e3o at\u00e9 a par\u00f3quia que fica no centro da cidade, onde teve in\u00edcio, \u00e0s 19h, a solenidade de posse can\u00f4nica.<\/em><\/p>\n<p><em>A igreja ficou completamente lotada. Estavam presentes: padres, di\u00e1conos, seminaristas, vocacionados, religiosos e religiosas, paroquianos, pastorais e comunidades que comp\u00f5em a igreja matriz de Santa Luzia, al\u00e9m de personalidades\u00a0 como o prefeito de Itabuna, Fernando Gomes e comitiva. Muitos cat\u00f3licos de Itabuna e cidades circunvizinhas tamb\u00e9m fizeram quest\u00e3o de prestigiar o Monsenhor Mois\u00e9s neste momento especial, principalmente seus familiares e amigos.\u00a0<\/em><\/p>\n<p><em>A celebra\u00e7\u00e3o foi presidida pelo Bispo da Diocese de Itabuna, Dom Carlos Alberto dos Santos,\u00a0que\u00a0logo ap\u00f3s a sauda\u00e7\u00e3o inicial, pediu que se procedesse a leitura da provis\u00e3o can\u00f4nica pelo chanceler\u00a0provis\u00f3rio da Diocese de Itabuna, padre Nerivaldo Azevedo. \u00a0Ele fez a nomea\u00e7\u00e3o do Monsenhor Mois\u00e9s como p\u00e1roco da Par\u00f3quia Santa Luzia, de frente para o altar, e em seguida, o bispo e os sacerdotes assinaram os documentos de nomea\u00e7\u00e3o. A leitura do Evangelho foi feita pelo padre empossado.\u00a0<\/em><\/p>\n<p><em>Na oportunidade, o bispo Dom Carlos disse: \u201cEsse novo pastor vai dar continuidade \u00e0 obra de Jesus,\u00a0\u00e0 obra de evangeliza\u00e7\u00e3o, \u00e0 obra da transforma\u00e7\u00e3o dos cora\u00e7\u00f5es para Deus!\u201d<\/em><\/p>\n<p><em>Posteriormente, Monsenhor Mois\u00e9s recebeu das m\u00e3os do Senhor Bispo, a chave da igreja, a chave do sacr\u00e1rio (um momento de Adora\u00e7\u00e3o ao Sant\u00edssimo Sacramento), o \u00f3leo dos catec\u00famenos e a estola roxa (instrumentos que o padre usar\u00e3o em seu cotidiano na sua nova miss\u00e3o).<\/em><\/p>\n<p>Ao final da celebra\u00e7\u00e3o, leigos deram as boas-vindas ao novo p\u00e1roco,\u00a0que discursou: \u201cMe colocaram diante de uma Comunidade t\u00e3o simples\u00a0mas de um cora\u00e7\u00e3o generoso. (&#8230;) Contem comigo, vim para somar, vim para ajudar, para coordenar. Que Deus firme esses nossos prop\u00f3sitos pela intercess\u00e3o de Santa Luzia.\u201d<\/p>\n<p><em>O Portal Cat\u00f3lico\u00a0deseja muito sucesso ao Monsenhor Mois\u00e9s nesta nova miss\u00e3o.<\/em><\/p>\n<p><em>\u00a0<\/em><em>Edi\u00e7\u00e3o\u00a0de texto: Anara Passos<\/em><\/p>\n<p><em>Reportagem: Valdeni Elias<\/em><\/p>\n<p>Confira as fotos deste evento:\u00a0<a href=\"http:\/\/portalcatolico.net\/portal\/index.php\/posse-de-padre-moises-em-santa-luzia\/\"><span style=\"color: #ff0000;\">Clique aqui<\/span><\/a><\/p>\n<p><em>\u00a0<\/em><\/p>\n","protected":false},"excerpt":{"rendered":"<p>Ap\u00f3s 13 anos como p\u00e1roco da Catedral de S\u00e3o Jos\u00e9 em Itabuna (BA), Monsenhor Mois\u00e9s tomou posse nesta sexta-feira (26), na Par\u00f3quia Santa Luzia em Santa Luzia (BA). A solenidade de posse can\u00f4nica come\u00e7ou \u00e0s 18h, na C\u00e2mara de Vereadores com a entrega da chave da cidade. \u00a0O Padre Jos\u00e9 Roberto, que estava presente, fez&nbsp;<\/p>\n<p><a class=\"btn btn-style\" href=\"http:\/\/portalcatolico.net\/portal\/monsenhor-moises-toma-posse-em-paroquia-de-santa-luzia\/\">Continue Reading<\/a><\/p>\n","protected":false},"author":2,"featured_media":48475,"comment_status":"open","ping_status":"open","sticky":false,"template":"","format":"standard","meta":{"footnotes":""},"categories":[68],"tags":[],"class_list":["post-48474","post","type-post","status-publish","format-standard","has-post-thumbnail","hentry","category-homilias"],"_links":{"self":[{"href":"http:\/\/portalcatolico.net\/portal\/wp-json\/wp\/v2\/posts\/48474","targetHints":{"allow":["GET"]}}],"collection":[{"href":"http:\/\/portalcatolico.net\/portal\/wp-json\/wp\/v2\/posts"}],"about":[{"href":"http:\/\/portalcatolico.net\/portal\/wp-json\/wp\/v2\/types\/post"}],"author":[{"embeddable":true,"href":"http:\/\/portalcatolico.net\/portal\/wp-json\/wp\/v2\/users\/2"}],"replies":[{"embeddable":true,"href":"http:\/\/portalcatolico.net\/portal\/wp-json\/wp\/v2\/comments?post=48474"}],"version-history":[{"count":3,"href":"http:\/\/portalcatolico.net\/portal\/wp-json\/wp\/v2\/posts\/48474\/revisions"}],"predecessor-version":[{"id":48717,"href":"http:\/\/portalcatolico.net\/portal\/wp-json\/wp\/v2\/posts\/48474\/revisions\/48717"}],"wp:featuredmedia":[{"embeddable":true,"href":"http:\/\/portalcatolico.net\/portal\/wp-json\/wp\/v2\/media\/48475"}],"wp:attachment":[{"href":"http:\/\/portalcatolico.net\/portal\/wp-json\/wp\/v2\/media?parent=48474"}],"wp:term":[{"taxonomy":"category","embeddable":true,"href":"http:\/\/portalcatolico.net\/portal\/wp-json\/wp\/v2\/categories?post=48474"},{"taxonomy":"post_tag","embeddable":true,"href":"http:\/\/portalcatolico.net\/portal\/wp-json\/wp\/v2\/tags?post=48474"}],"curies":[{"name":"wp","href":"https:\/\/api.w.org\/{rel}","templated":true}]}}