{"id":48470,"date":"2018-01-27T21:46:49","date_gmt":"2018-01-28T00:46:49","guid":{"rendered":"http:\/\/portalcatolico.net\/portal\/?p=48470"},"modified":"2018-01-27T21:46:49","modified_gmt":"2018-01-28T00:46:49","slug":"instalacao-da-diocese-de-cruz-das-almas-e-posse-do-primeiro-bispo-acontecerao-neste-domingo-28","status":"publish","type":"post","link":"http:\/\/portalcatolico.net\/portal\/instalacao-da-diocese-de-cruz-das-almas-e-posse-do-primeiro-bispo-acontecerao-neste-domingo-28\/","title":{"rendered":"Instala\u00e7\u00e3o da Diocese de Cruz das Almas e posse do primeiro bispo acontecer\u00e3o neste domingo (28)"},"content":{"rendered":"<p>A instala\u00e7\u00e3o da Diocese de Cruz das Almas, desmembrada da Arquidiocese de Salvador, e a posse de seu primeiro bispo diocesano, Dom Antonio Tourinho Neto, acontecer\u00e1 no pr\u00f3ximo domingo, dia 28 de janeiro, \u00e0s 10h, na Matriz da Par\u00f3quia Nossa Senhora do Bom Sucesso (futura Catedral), no munic\u00edpio de Cruz das Almas. A Celebra\u00e7\u00e3o Eucar\u00edstica ser\u00e1 presidida pelo N\u00fancio Apost\u00f3lico no Brasil, Dom Giovanni D\u2019Aniello e concelebrada pelo Arcebispo de Salvador e Primaz do Brasil, Dom Murilo Krieger, e<img loading=\"lazy\" decoding=\"async\" class=\"size-medium wp-image-48471 alignright\" src=\"http:\/\/portalcatolico.net\/portal\/wp-content\/uploads\/2018\/01\/Matriz-Cruz-Almas-site-300x188.jpg\" alt=\"Matriz-Cruz-Almas-site\" width=\"300\" height=\"188\" srcset=\"http:\/\/portalcatolico.net\/portal\/wp-content\/uploads\/2018\/01\/Matriz-Cruz-Almas-site-300x188.jpg 300w, http:\/\/portalcatolico.net\/portal\/wp-content\/uploads\/2018\/01\/Matriz-Cruz-Almas-site.jpg 700w\" sizes=\"auto, (max-width: 300px) 100vw, 300px\" \/> pelos bispos auxiliares, Dom Gilson Andrade da Silva, Dom Estevam dos Santos Silva Filho, Dom Marco Eug\u00eanio Galr\u00e3o Leite de Almeida e Dom H\u00e9lio Pereira dos Santos.<\/p>\n<p>A Diocese de Cruz das Almas ser\u00e1 composta pelos munic\u00edpios de Cabaceiras do Paragua\u00e7u, Cachoeira, Cruz das Almas, Governador Mangabeira, Maragogipe, Muritiba, Santo Amaro, S\u00e3o F\u00e9lix, Sapea\u00e7u e Saubara, todos no Rec\u00f4ncavo Baiano. Desta forma, a partir do dia 28, o territ\u00f3rio da Arquidiocese de Salvador passar\u00e1 a ser formado apenas por Salvador, Lauro de Freitas e a regi\u00e3o das Ilhas (Itaparica, Salinas da Margarida e Vera Cruz).<\/p>\n<p>Fonte:Arquidiocese de Salvador<\/p>\n","protected":false},"excerpt":{"rendered":"<p>A instala\u00e7\u00e3o da Diocese de Cruz das Almas, desmembrada da Arquidiocese de Salvador, e a posse de seu primeiro bispo diocesano, Dom Antonio Tourinho Neto, acontecer\u00e1 no pr\u00f3ximo domingo, dia 28 de janeiro, \u00e0s 10h, na Matriz da Par\u00f3quia Nossa Senhora do Bom Sucesso (futura Catedral), no munic\u00edpio de Cruz das Almas. A Celebra\u00e7\u00e3o Eucar\u00edstica&nbsp;<\/p>\n<p><a class=\"btn btn-style\" href=\"http:\/\/portalcatolico.net\/portal\/instalacao-da-diocese-de-cruz-das-almas-e-posse-do-primeiro-bispo-acontecerao-neste-domingo-28\/\">Continue Reading<\/a><\/p>\n","protected":false},"author":2,"featured_media":48472,"comment_status":"open","ping_status":"open","sticky":false,"template":"","format":"standard","meta":{"footnotes":""},"categories":[3],"tags":[],"class_list":["post-48470","post","type-post","status-publish","format-standard","has-post-thumbnail","hentry","category-noticias_regionais"],"_links":{"self":[{"href":"http:\/\/portalcatolico.net\/portal\/wp-json\/wp\/v2\/posts\/48470","targetHints":{"allow":["GET"]}}],"collection":[{"href":"http:\/\/portalcatolico.net\/portal\/wp-json\/wp\/v2\/posts"}],"about":[{"href":"http:\/\/portalcatolico.net\/portal\/wp-json\/wp\/v2\/types\/post"}],"author":[{"embeddable":true,"href":"http:\/\/portalcatolico.net\/portal\/wp-json\/wp\/v2\/users\/2"}],"replies":[{"embeddable":true,"href":"http:\/\/portalcatolico.net\/portal\/wp-json\/wp\/v2\/comments?post=48470"}],"version-history":[{"count":1,"href":"http:\/\/portalcatolico.net\/portal\/wp-json\/wp\/v2\/posts\/48470\/revisions"}],"predecessor-version":[{"id":48473,"href":"http:\/\/portalcatolico.net\/portal\/wp-json\/wp\/v2\/posts\/48470\/revisions\/48473"}],"wp:featuredmedia":[{"embeddable":true,"href":"http:\/\/portalcatolico.net\/portal\/wp-json\/wp\/v2\/media\/48472"}],"wp:attachment":[{"href":"http:\/\/portalcatolico.net\/portal\/wp-json\/wp\/v2\/media?parent=48470"}],"wp:term":[{"taxonomy":"category","embeddable":true,"href":"http:\/\/portalcatolico.net\/portal\/wp-json\/wp\/v2\/categories?post=48470"},{"taxonomy":"post_tag","embeddable":true,"href":"http:\/\/portalcatolico.net\/portal\/wp-json\/wp\/v2\/tags?post=48470"}],"curies":[{"name":"wp","href":"https:\/\/api.w.org\/{rel}","templated":true}]}}