{"id":48467,"date":"2018-01-27T08:37:48","date_gmt":"2018-01-27T11:37:48","guid":{"rendered":"http:\/\/portalcatolico.net\/portal\/?p=48467"},"modified":"2018-01-27T08:37:48","modified_gmt":"2018-01-27T11:37:48","slug":"congresso-brasileiro-de-turismo-religioso-foi-lancado-na-manha-desta-quinta-feira-25","status":"publish","type":"post","link":"http:\/\/portalcatolico.net\/portal\/congresso-brasileiro-de-turismo-religioso-foi-lancado-na-manha-desta-quinta-feira-25\/","title":{"rendered":"Congresso Brasileiro de Turismo Religioso foi lan\u00e7ado na manh\u00e3 desta quinta-feira (25)"},"content":{"rendered":"<p>Na manh\u00e3 desta quinta-feira, dia 25 de janeiro, aconteceu o lan\u00e7amento do Congresso Brasileiro de Turismo Religioso, durante coletiva de imprensa. O evento foi realizado na C\u00faria Metropolitana de Salvador, localizada no bairro do Garcia, e contou com as presen\u00e7as do Arcebispo de Salvador e Primaz do Brasil, Dom Murilo Krieger, do coordenador nacional da Pastoral do Turismo, padre Manoel Filho, do secret\u00e1rio de Turismo do Estado da Bahia (SETUR), Jos\u00e9 Alves J\u00fanior, do reitor da Universidade Cat\u00f3lica do Salvador (UCSal), padre Maur\u00edcio Ferreira, e do vereador Joceval Rodrigues.<\/p>\n<p>De acordo com Dom Murilo, o Congresso Brasileiro de Turismo Religioso \u00e9, de fato, uma uni\u00e3o entre as pessoas que j\u00e1 trabalham diretamente neste ramo e tamb\u00e9m de quem tem interesse pelo tema. \u201cTemos experi\u00eancias muito interessantes j\u00e1 feitas pelo Brasil. Teremos oportunidade de conhecer melhor aquilo que Salvador e a Bahia podem oferecer \u00e0s pessoas que querem vir a conhecer o nosso campo religioso e tamb\u00e9m para pensarmos em como melhorar o atendimento ao peregrino, aquele que quer vir por esp\u00edrito de f\u00e9\u201d, afirmou o Arcebispo de Salvador e Primaz do Brasil, Dom Murilo Krieger.<\/p>\n<p>Organizado pela Pastoral do Turismo da Arquidiocese de Salvador (Pastur), o Congresso acontecer\u00e1 entre os dias 9 e 12 de maio, no Fiesta Convention Center, em Salvador. \u201cEstamos trazendo experi\u00eancias, realidades, viv\u00eancias de todo o Brasil, mas tamb\u00e9m queremos apresentar ao Brasil a riqueza religiosa de Salvador e da Bahia e assim fazer essa grande troca: conhecer experi\u00eancias e apresentar as nossas riquezas\u201d, afirmou o padre Manoel Filho.<\/p>\n<p>\u201cEsse congresso est\u00e1 acontecendo num momento muito importante do turismo do Estado da Bahia. O turismo tem crescido bastante e quando ocorre um evento como esse que acontecer\u00e1 em maio, isso favorece a ocupa\u00e7\u00e3o de um m\u00eas que n\u00e3o seria t\u00e3o forte a ocupa\u00e7\u00e3o. \u00c9 importante que a gente incentive e invista nisso fazendo com que possamos apresentar o produto religioso em Salvador e no Estado da Bahia\u201d, afirmou o secret\u00e1rio de Turismo, Jos\u00e9 Alves.<\/p>\n<p>Fonte e foto:Arquidiocese de Salvador<\/p>\n","protected":false},"excerpt":{"rendered":"<p>Na manh\u00e3 desta quinta-feira, dia 25 de janeiro, aconteceu o lan\u00e7amento do Congresso Brasileiro de Turismo Religioso, durante coletiva de imprensa. O evento foi realizado na C\u00faria Metropolitana de Salvador, localizada no bairro do Garcia, e contou com as presen\u00e7as do Arcebispo de Salvador e Primaz do Brasil, Dom Murilo Krieger, do coordenador nacional da&nbsp;<\/p>\n<p><a class=\"btn btn-style\" href=\"http:\/\/portalcatolico.net\/portal\/congresso-brasileiro-de-turismo-religioso-foi-lancado-na-manha-desta-quinta-feira-25\/\">Continue Reading<\/a><\/p>\n","protected":false},"author":2,"featured_media":48468,"comment_status":"open","ping_status":"open","sticky":false,"template":"","format":"standard","meta":{"footnotes":""},"categories":[3],"tags":[],"class_list":["post-48467","post","type-post","status-publish","format-standard","has-post-thumbnail","hentry","category-noticias_regionais"],"_links":{"self":[{"href":"http:\/\/portalcatolico.net\/portal\/wp-json\/wp\/v2\/posts\/48467","targetHints":{"allow":["GET"]}}],"collection":[{"href":"http:\/\/portalcatolico.net\/portal\/wp-json\/wp\/v2\/posts"}],"about":[{"href":"http:\/\/portalcatolico.net\/portal\/wp-json\/wp\/v2\/types\/post"}],"author":[{"embeddable":true,"href":"http:\/\/portalcatolico.net\/portal\/wp-json\/wp\/v2\/users\/2"}],"replies":[{"embeddable":true,"href":"http:\/\/portalcatolico.net\/portal\/wp-json\/wp\/v2\/comments?post=48467"}],"version-history":[{"count":1,"href":"http:\/\/portalcatolico.net\/portal\/wp-json\/wp\/v2\/posts\/48467\/revisions"}],"predecessor-version":[{"id":48469,"href":"http:\/\/portalcatolico.net\/portal\/wp-json\/wp\/v2\/posts\/48467\/revisions\/48469"}],"wp:featuredmedia":[{"embeddable":true,"href":"http:\/\/portalcatolico.net\/portal\/wp-json\/wp\/v2\/media\/48468"}],"wp:attachment":[{"href":"http:\/\/portalcatolico.net\/portal\/wp-json\/wp\/v2\/media?parent=48467"}],"wp:term":[{"taxonomy":"category","embeddable":true,"href":"http:\/\/portalcatolico.net\/portal\/wp-json\/wp\/v2\/categories?post=48467"},{"taxonomy":"post_tag","embeddable":true,"href":"http:\/\/portalcatolico.net\/portal\/wp-json\/wp\/v2\/tags?post=48467"}],"curies":[{"name":"wp","href":"https:\/\/api.w.org\/{rel}","templated":true}]}}