{"id":44224,"date":"2018-11-22T00:10:09","date_gmt":"2018-11-22T03:10:09","guid":{"rendered":"http:\/\/portalcatolico.net\/portal\/?p=44224"},"modified":"2018-11-21T19:42:20","modified_gmt":"2018-11-21T22:42:20","slug":"parabens-aos-musicos-e-a-santa-cecilia","status":"publish","type":"post","link":"http:\/\/portalcatolico.net\/portal\/parabens-aos-musicos-e-a-santa-cecilia\/","title":{"rendered":"Parab\u00e9ns aos M\u00fasicos e a Santa Cec\u00edlia!"},"content":{"rendered":"<p class=\"x_xmsonospacing\">Neste 22 de Novembro comemora-se o&nbsp;Dia do M\u00fasico.&nbsp;\u00c9 tamb\u00e9m o dia da padroeira dos m\u00fasicos, Santa Cec\u00edlia. Segundo a Igreja Cat\u00f3lica, Cec\u00edlia era uma jovem e bela romana. Nascida no s\u00e9culo II, foi prometida em casamento ao jovem Valeriano. No dia das n\u00fapcias confessou ao noivo que havia consagrado sua pureza a Jesus Cristo e que um anjo guardava sua virgindade.<br \/>\nValeriano, que era ateu, disse que respeitaria sua vontade, desde que ele visse o tal anjo. Cec\u00edlia ent\u00e3o pediu que ele procurasse o bispo Urbano, para que fosse batizado e purificado. Seguindo as instru\u00e7\u00f5es da noiva, Valeriano tornou-se crist\u00e3o e teve a vis\u00e3o do anjo. O casal passou ent\u00e3o a professar junto a f\u00e9 crist\u00e3, tendo convertido tamb\u00e9m Tib\u00farcio, irm\u00e3o de Valeriano.&nbsp;Mas os crist\u00e3os eram permanentemente perseguidos pelo Imp\u00e9rio Romano e logo os irm\u00e3os ca\u00edram na m\u00e3o dos pretorianos, que os executaram. Cec\u00edlia foi presa ao enterrar o corpo do cunhado e do marido. Como era muito popular em Roma, por sua ajuda aos pobres, foi decidido que ela seria morta em sua casa, para evitar protestos. Prenderam-na em um quarto de banhos quentes, para que morresse asfixiada. Mas o que aconteceu surpreendeu a todos e valeu a Cec\u00edlia o t\u00edtulo de padroeira dos m\u00fasicos. Durante tr\u00eas dias e tr\u00eas noites Cec\u00edlia ficou entoando cantos de louvor a Deus. Intrigados com tamanha resist\u00eancia, os algozes a tiraram de l\u00e1 para degol\u00e1-la. Por tr\u00eas vezes a tentativa do algoz falhou e ela foi deixada para morrer agonizando, j\u00e1 que pela lei romana esse era o n\u00famero m\u00e1ximo de vezes em que se poderia tentar a degola. Cec\u00edlia perdeu as cordas vocais e levou ainda um tempo para morrer, mas seus c\u00e2nticos ainda podiam ser ouvidos.<br \/>\nNo ano de 323, o cristianismo foi adotado como religi\u00e3o oficial do Imp\u00e9rio Romano. Foi criada uma bas\u00edlica na cidade italiana de Travestere, onde teria sido a casa de Cec\u00edlia, que foi canonizada. L\u00e1 repousam os restos mortais da Santa, que \u00e9&nbsp; uma das mais veneradas da Igreja Cat\u00f3lica e a que possui mais capelas e igrejas dedicadas a seu nome na Europa.<\/p>\n<p class=\"x_xmsonospacing\">O Portal Cat\u00f3lico parabeniza a todos que receberam&nbsp;este&nbsp;dom divino de cantar, compor&nbsp;ou tocar um instrumento, e deseja que a&nbsp;sua m\u00fasica contribua para a constru\u00e7\u00e3o de um mundo cada vez melhor.<\/p>\n<p>Foto:Acervo\/Portal Cat\u00f3lico<\/p>\n<p class=\"x_xmsonospacing\">Por: Anara Passos (Jornalista- DRT 7574)<\/p>\n","protected":false},"excerpt":{"rendered":"<p>Neste 22 de Novembro comemora-se o&nbsp;Dia do M\u00fasico.&nbsp;\u00c9 tamb\u00e9m o dia da padroeira dos m\u00fasicos, Santa Cec\u00edlia. Segundo a Igreja Cat\u00f3lica, Cec\u00edlia era uma jovem e bela romana. Nascida no s\u00e9culo II, foi prometida em casamento ao jovem Valeriano. No dia das n\u00fapcias confessou ao noivo que havia consagrado sua pureza a Jesus Cristo e&nbsp;<\/p>\n<p><a class=\"btn btn-style\" href=\"http:\/\/portalcatolico.net\/portal\/parabens-aos-musicos-e-a-santa-cecilia\/\">Continue Reading<\/a><\/p>\n","protected":false},"author":2,"featured_media":44225,"comment_status":"open","ping_status":"open","sticky":false,"template":"","format":"standard","meta":{"footnotes":""},"categories":[69],"tags":[],"class_list":["post-44224","post","type-post","status-publish","format-standard","has-post-thumbnail","hentry","category-artigos"],"_links":{"self":[{"href":"http:\/\/portalcatolico.net\/portal\/wp-json\/wp\/v2\/posts\/44224","targetHints":{"allow":["GET"]}}],"collection":[{"href":"http:\/\/portalcatolico.net\/portal\/wp-json\/wp\/v2\/posts"}],"about":[{"href":"http:\/\/portalcatolico.net\/portal\/wp-json\/wp\/v2\/types\/post"}],"author":[{"embeddable":true,"href":"http:\/\/portalcatolico.net\/portal\/wp-json\/wp\/v2\/users\/2"}],"replies":[{"embeddable":true,"href":"http:\/\/portalcatolico.net\/portal\/wp-json\/wp\/v2\/comments?post=44224"}],"version-history":[{"count":4,"href":"http:\/\/portalcatolico.net\/portal\/wp-json\/wp\/v2\/posts\/44224\/revisions"}],"predecessor-version":[{"id":62089,"href":"http:\/\/portalcatolico.net\/portal\/wp-json\/wp\/v2\/posts\/44224\/revisions\/62089"}],"wp:featuredmedia":[{"embeddable":true,"href":"http:\/\/portalcatolico.net\/portal\/wp-json\/wp\/v2\/media\/44225"}],"wp:attachment":[{"href":"http:\/\/portalcatolico.net\/portal\/wp-json\/wp\/v2\/media?parent=44224"}],"wp:term":[{"taxonomy":"category","embeddable":true,"href":"http:\/\/portalcatolico.net\/portal\/wp-json\/wp\/v2\/categories?post=44224"},{"taxonomy":"post_tag","embeddable":true,"href":"http:\/\/portalcatolico.net\/portal\/wp-json\/wp\/v2\/tags?post=44224"}],"curies":[{"name":"wp","href":"https:\/\/api.w.org\/{rel}","templated":true}]}}