{"id":26045,"date":"2017-04-26T21:54:04","date_gmt":"2017-04-26T21:54:04","guid":{"rendered":"http:\/\/portalcatolico.net\/portal\/?p=26045"},"modified":"2017-04-27T01:08:30","modified_gmt":"2017-04-27T01:08:30","slug":"padre-elessandro-debate-tema-da-campanha-da-fraternidade-2017-na-camara-municipal-de-itabuna","status":"publish","type":"post","link":"http:\/\/portalcatolico.net\/portal\/padre-elessandro-debate-tema-da-campanha-da-fraternidade-2017-na-camara-municipal-de-itabuna\/","title":{"rendered":"Padre Elessandro debate tema da campanha da fraternidade 2017 na c\u00e2mara municipal de Itabuna"},"content":{"rendered":"<p>Nesta ter\u00e7a feira (25), na sess\u00e3o especial da C\u00e2mara Municipal de Itabuna, o Padre Elessandro Feitosa, representando a Diocese de Itabuna, em nome\u00a0do Bispo Dom Carlos Alberto, esteve apresentando e debatendo, abordando alguns importantes elementos da campanha da fraternidade (CF2017) sobre os Biomas Brasileiros. Esta apresenta\u00e7\u00e3o foi solicitada pelos vereadores Edis Ant\u00f4nio de Oliveira Cavalcante e Enderson Guinho.<\/p>\n<p>Em uma das suas falas, o Pe. Elessandro cita:<\/p>\n<blockquote><p>\u201cFrancisco, o nosso Papa atual fala sobre uma ecologia integral ou ecologia integrada, envolvimento de Igreja, sociedade e varias institui\u00e7\u00f5es de respaldo social\u201d.<br \/>\n\u201cO Papa diz ainda que o tempo para encontrar solu\u00e7\u00f5es globais j\u00e1 est\u00e1 acabando\u201d.<\/p><\/blockquote>\n<p>Ainda em seu discurso, o Sacerdote\u00a0discorre:<\/p>\n<blockquote><p>\u201cJ\u00e1 j\u00e1 n\u00e3o encontraremos mais solu\u00e7\u00e3o de nada, estamos vivendo dentro de uma bola, por isso, percebeu-se o pont\u00edfice, que j\u00e1 era chegada um evento de produzir um documento oficial sobre a ecologia e assim nasce esse lindo e maravilhoso documento em 2015 chamado <em>\u201cLaudato Si \u2013 sobre o cuidado da casa comum\u201d<\/em>. que\u00a0em latim quer dizer louvado seja meu senhor, um dos eixos fundamentais da reflex\u00e3o ecol\u00f3gica.\u201d<\/p><\/blockquote>\n<p>A campanha da fraternidade, no ano de 2017,\u00a0reflete o tema que trata dos biomas brasileiros. Foi assim definido, o tema da CF pela CNBB: (Conferencia Nacional dos Bispos do Brasil)<\/p>\n<blockquote><p>\u201c<strong>Fraternidade: biomas brasileiros e defesa da vida.<\/strong>\u201d<\/p>\n<p>Texto e fotos: Grazy Zene<\/p>\n<p>PASCOM-Diocese de Itabuna<\/p>\n<p><img loading=\"lazy\" decoding=\"async\" class=\"alignnone size-medium wp-image-26048\" src=\"http:\/\/portalcatolico.net\/portal\/wp-content\/uploads\/2017\/04\/IMG_0372-300x272.jpg\" alt=\"IMG_0372\" width=\"300\" height=\"272\" srcset=\"http:\/\/portalcatolico.net\/portal\/wp-content\/uploads\/2017\/04\/IMG_0372-300x272.jpg 300w, http:\/\/portalcatolico.net\/portal\/wp-content\/uploads\/2017\/04\/IMG_0372-768x696.jpg 768w, http:\/\/portalcatolico.net\/portal\/wp-content\/uploads\/2017\/04\/IMG_0372.jpg 1000w\" sizes=\"auto, (max-width: 300px) 100vw, 300px\" \/>\u00a0 \u00a0 \u00a0\u00a0<img loading=\"lazy\" decoding=\"async\" class=\"alignnone wp-image-26050\" src=\"http:\/\/portalcatolico.net\/portal\/wp-content\/uploads\/2017\/04\/IMG_0410-300x196.jpg\" alt=\"IMG_0410\" width=\"326\" height=\"213\" srcset=\"http:\/\/portalcatolico.net\/portal\/wp-content\/uploads\/2017\/04\/IMG_0410-300x196.jpg 300w, http:\/\/portalcatolico.net\/portal\/wp-content\/uploads\/2017\/04\/IMG_0410-768x501.jpg 768w, http:\/\/portalcatolico.net\/portal\/wp-content\/uploads\/2017\/04\/IMG_0410.jpg 1000w\" sizes=\"auto, (max-width: 326px) 100vw, 326px\" \/><\/p><\/blockquote>\n","protected":false},"excerpt":{"rendered":"<p>Nesta ter\u00e7a feira (25), na sess\u00e3o especial da C\u00e2mara Municipal de Itabuna, o Padre Elessandro Feitosa, representando a Diocese de Itabuna, em nome\u00a0do Bispo Dom Carlos Alberto, esteve apresentando e debatendo, abordando alguns importantes elementos da campanha da fraternidade (CF2017) sobre os Biomas Brasileiros. Esta apresenta\u00e7\u00e3o foi solicitada pelos vereadores Edis Ant\u00f4nio de Oliveira Cavalcante&nbsp;<\/p>\n<p><a class=\"btn btn-style\" href=\"http:\/\/portalcatolico.net\/portal\/padre-elessandro-debate-tema-da-campanha-da-fraternidade-2017-na-camara-municipal-de-itabuna\/\">Continue Reading<\/a><\/p>\n","protected":false},"author":2,"featured_media":26046,"comment_status":"open","ping_status":"open","sticky":false,"template":"","format":"standard","meta":{"footnotes":""},"categories":[2],"tags":[],"class_list":["post-26045","post","type-post","status-publish","format-standard","has-post-thumbnail","hentry","category-eventos"],"_links":{"self":[{"href":"http:\/\/portalcatolico.net\/portal\/wp-json\/wp\/v2\/posts\/26045","targetHints":{"allow":["GET"]}}],"collection":[{"href":"http:\/\/portalcatolico.net\/portal\/wp-json\/wp\/v2\/posts"}],"about":[{"href":"http:\/\/portalcatolico.net\/portal\/wp-json\/wp\/v2\/types\/post"}],"author":[{"embeddable":true,"href":"http:\/\/portalcatolico.net\/portal\/wp-json\/wp\/v2\/users\/2"}],"replies":[{"embeddable":true,"href":"http:\/\/portalcatolico.net\/portal\/wp-json\/wp\/v2\/comments?post=26045"}],"version-history":[{"count":4,"href":"http:\/\/portalcatolico.net\/portal\/wp-json\/wp\/v2\/posts\/26045\/revisions"}],"predecessor-version":[{"id":26057,"href":"http:\/\/portalcatolico.net\/portal\/wp-json\/wp\/v2\/posts\/26045\/revisions\/26057"}],"wp:featuredmedia":[{"embeddable":true,"href":"http:\/\/portalcatolico.net\/portal\/wp-json\/wp\/v2\/media\/26046"}],"wp:attachment":[{"href":"http:\/\/portalcatolico.net\/portal\/wp-json\/wp\/v2\/media?parent=26045"}],"wp:term":[{"taxonomy":"category","embeddable":true,"href":"http:\/\/portalcatolico.net\/portal\/wp-json\/wp\/v2\/categories?post=26045"},{"taxonomy":"post_tag","embeddable":true,"href":"http:\/\/portalcatolico.net\/portal\/wp-json\/wp\/v2\/tags?post=26045"}],"curies":[{"name":"wp","href":"https:\/\/api.w.org\/{rel}","templated":true}]}}