{"id":26041,"date":"2017-04-26T21:41:45","date_gmt":"2017-04-26T21:41:45","guid":{"rendered":"http:\/\/portalcatolico.net\/portal\/?p=26041"},"modified":"2017-04-26T21:41:45","modified_gmt":"2017-04-26T21:41:45","slug":"santuario-da-divina-misericordia-no-rio-sedia-v-congresso-arquidiocesano","status":"publish","type":"post","link":"http:\/\/portalcatolico.net\/portal\/santuario-da-divina-misericordia-no-rio-sedia-v-congresso-arquidiocesano\/","title":{"rendered":"Santu\u00e1rio da Divina Miseric\u00f3rdia, no Rio, sedia V Congresso Arquidiocesano"},"content":{"rendered":"<p>O Santu\u00e1rio da Divina Miseric\u00f3rdia, localizado no Rio de Janeiro, realizar\u00e1 em 20 de maio pr\u00f3ximo o V Congresso Arquidiocesano da Divina Miseric\u00f3rdia.<\/p>\n<p>Inspirado pelo Ano Mariano, o tema da edi\u00e7\u00e3o deste ano \u00e9 &#8220;Nossa Senhora M\u00e3e de Miseric\u00f3rdia&#8221;, tendo como lema &#8220;Sua miseric\u00f3rdia se estende, de gera\u00e7\u00e3o em gera\u00e7\u00e3o, sobre os que o temem&#8221; (Lc 1, 50).<\/p>\n<p>A quinta edi\u00e7\u00e3o do Congresso ser\u00e1 diferente das anteriores, uma vez que ser\u00e1 realizada em apenas um dia, com in\u00edcio \u00e0s 7h30. Na ocasi\u00e3o, haver\u00e1 as presen\u00e7as dos conferencistas Padre Daniel Rocchetti, doutor em missiologia; Di\u00e1cono Melquisedec Ferreira, apresentador do programa &#8220;Fam\u00edlia em Deus&#8221; da R\u00e1dio Catedral FM; e a Irm\u00e3 Solange Diniz, da Congrega\u00e7\u00e3o Nossa Senhora M\u00e3e da Miseric\u00f3rdia, a mesma de Santa Faustina.<\/p>\n<p>Ao longo da programa\u00e7\u00e3o do encontro, ser\u00e3o realizados momentos diversos de espiritualidade e F\u00e9.<\/p>\n<p>Logo no in\u00edcio, \u00e0s 7h30, haver\u00e1 a acolhida dos participantes. Depois, \u00e1s 8h30, ocorre a primeira palestra do evento, sobre a Mensagem de Nossa Senhora de F\u00e1tima, ministrada pelo Padre Daniel Rocchetti.<\/p>\n<p>\u00c0s 10h30, acontece a ora\u00e7\u00e3o do Ter\u00e7o Mariano, seguida pela Santa Missa \u00e0s 11h, que ser\u00e1 presidida pelo Cardeal Arcebispo do Rio de Janeiro, Orani Jo\u00e3o Tempesta.<\/p>\n<p>Mais tarde, \u00e0s 14h, uma nova palestra, desta vez acerca de Nossa Senhora Aparecida a partir dos estudos feitos pelo Di\u00e1cono Melquisedec Ferreira.<\/p>\n<p>\u00c0s 15h, os participantes re\u00fanem-se para mais um momento de ora\u00e7\u00e3o, durante o Ter\u00e7o da Miseric\u00f3rdia.<\/p>\n<p>A terceira e \u00faltima palestra do dia est\u00e1 marcada para \u00e0s 16h. O tema sobre Nossa Senhora da Miseric\u00f3rdia ser\u00e1 ministrado pela Irm\u00e3 Solange Diniz.<\/p>\n<p>Por fim, \u00e0s 19h30, o espet\u00e1culo de teatro musical intitulado &#8220;Cantarei a Miseric\u00f3rdia&#8221;, da Cia. de Artes Luz do Mundo, encerra as atividades do evento. (LMI)<\/p>\n<p>Com informa\u00e7\u00f5es Arquidiocese do Rio de Janeiro e Gaudium Press<\/p>\n<p>&nbsp;<\/p>\n","protected":false},"excerpt":{"rendered":"<p>O Santu\u00e1rio da Divina Miseric\u00f3rdia, localizado no Rio de Janeiro, realizar\u00e1 em 20 de maio pr\u00f3ximo o V Congresso Arquidiocesano da Divina Miseric\u00f3rdia. Inspirado pelo Ano Mariano, o tema da edi\u00e7\u00e3o deste ano \u00e9 &#8220;Nossa Senhora M\u00e3e de Miseric\u00f3rdia&#8221;, tendo como lema &#8220;Sua miseric\u00f3rdia se estende, de gera\u00e7\u00e3o em gera\u00e7\u00e3o, sobre os que o temem&#8221;&nbsp;<\/p>\n<p><a class=\"btn btn-style\" href=\"http:\/\/portalcatolico.net\/portal\/santuario-da-divina-misericordia-no-rio-sedia-v-congresso-arquidiocesano\/\">Continue Reading<\/a><\/p>\n","protected":false},"author":2,"featured_media":26042,"comment_status":"open","ping_status":"open","sticky":false,"template":"","format":"standard","meta":{"footnotes":""},"categories":[3],"tags":[],"class_list":["post-26041","post","type-post","status-publish","format-standard","has-post-thumbnail","hentry","category-noticias_regionais"],"_links":{"self":[{"href":"http:\/\/portalcatolico.net\/portal\/wp-json\/wp\/v2\/posts\/26041","targetHints":{"allow":["GET"]}}],"collection":[{"href":"http:\/\/portalcatolico.net\/portal\/wp-json\/wp\/v2\/posts"}],"about":[{"href":"http:\/\/portalcatolico.net\/portal\/wp-json\/wp\/v2\/types\/post"}],"author":[{"embeddable":true,"href":"http:\/\/portalcatolico.net\/portal\/wp-json\/wp\/v2\/users\/2"}],"replies":[{"embeddable":true,"href":"http:\/\/portalcatolico.net\/portal\/wp-json\/wp\/v2\/comments?post=26041"}],"version-history":[{"count":1,"href":"http:\/\/portalcatolico.net\/portal\/wp-json\/wp\/v2\/posts\/26041\/revisions"}],"predecessor-version":[{"id":26043,"href":"http:\/\/portalcatolico.net\/portal\/wp-json\/wp\/v2\/posts\/26041\/revisions\/26043"}],"wp:featuredmedia":[{"embeddable":true,"href":"http:\/\/portalcatolico.net\/portal\/wp-json\/wp\/v2\/media\/26042"}],"wp:attachment":[{"href":"http:\/\/portalcatolico.net\/portal\/wp-json\/wp\/v2\/media?parent=26041"}],"wp:term":[{"taxonomy":"category","embeddable":true,"href":"http:\/\/portalcatolico.net\/portal\/wp-json\/wp\/v2\/categories?post=26041"},{"taxonomy":"post_tag","embeddable":true,"href":"http:\/\/portalcatolico.net\/portal\/wp-json\/wp\/v2\/tags?post=26041"}],"curies":[{"name":"wp","href":"https:\/\/api.w.org\/{rel}","templated":true}]}}