{"id":25967,"date":"2017-04-23T23:45:30","date_gmt":"2017-04-23T23:45:30","guid":{"rendered":"http:\/\/portalcatolico.net\/portal\/?p=25967"},"modified":"2017-04-23T23:45:30","modified_gmt":"2017-04-23T23:45:30","slug":"cnbb-estuda-temas-atuais-e-busca-qualificar-a-iniciacao-a-vida-crista","status":"publish","type":"post","link":"http:\/\/portalcatolico.net\/portal\/cnbb-estuda-temas-atuais-e-busca-qualificar-a-iniciacao-a-vida-crista\/","title":{"rendered":"CNBB estuda temas atuais e busca qualificar a inicia\u00e7\u00e3o \u00e0 vida crist\u00e3"},"content":{"rendered":"<p>Episcopado brasileiro aprofunda o tema inicia\u00e7\u00e3o \u00e0 vida crist\u00e3 na 55\u00aa Assembleia Geral da CNBB<\/p>\n<p>O Anu\u00e1rio Pontif\u00edcio 2017 e o Anuarium Statisticum Ecclesiae 2015, do Departamento Central de Estat\u00edstica da Igreja do Vaticano, indica que o Brasil ocupa o primeiro lugar no conjunto de dez pa\u00edses do mundo com maior consist\u00eancia de cat\u00f3licos batizados, com 172,2 milh\u00f5es de cat\u00f3licos. Ficando \u00e0 frente de pa\u00edses como o M\u00e9xico, com 110,9 milh\u00f5es, Filipinas com 83,6 milh\u00f5es, Estados Unidos da Am\u00e9rica (72,3), entre outros. O n\u00famero de cat\u00f3licos brasileiros representa 26,4% de cat\u00f3licos no continente americano.<\/p>\n<p>Apesar desses dados e estat\u00edsticas que demonstram que o Brasil continua sendo o pa\u00eds com o maior n\u00famero de cat\u00f3licos no mundo, bispos do Brasil se preocupam com a qualidade da atua\u00e7\u00e3o e com o compromisso dos crist\u00e3os ao eleger a \u201cInicia\u00e7\u00e3o \u00e0 vida crist\u00e3\u201d como tema central da sua 55\u00aa Assembleia Geral da Confer\u00eancia Nacional dos Bispos do Brasil (CNBB) que acontece de 26 de abril a 5 de maio, no Centro Pe. Vitor Coelho de Almeida, em Aparecida (SP).<\/p>\n<p>Conforme o documento n\u00ba 43 do CELAM: \u201cEntende-se como inicia\u00e7\u00e3o \u00e0 vida crist\u00e3 o processo pelo qual uma pessoa \u00e9 introduzida no mist\u00e9rio de Jesus Cristo e na vida da Igreja, atrav\u00e9s da Palavra de Deus e da media\u00e7\u00e3o sacramental e lit\u00fargica, que acompanhe as mudan\u00e7as de atitudes fundamentais de ser e existir com os outros e com o mundo, em uma nova identidade como pessoa crist\u00e3 que testemunha o evangelho inserido em uma comunidade eclesial viva e testemunhal.\u201d<\/p>\n<p>Uma comiss\u00e3o especialmente presidida pelo arcebispo de Curitiba dom Jos\u00e9 Ant\u00f4nio Peruzzo foi designada para produzir o texto que ser\u00e1 apreciado e acrescido pelos bispos do Brasil. O texto, ap\u00f3s aprova\u00e7\u00e3o do episcopado, ser\u00e1 publicado como um documento da CNBB.<\/p>\n<p>Al\u00e9m do tema central, os bispos brasileiros tamb\u00e9m aprofundar\u00e3o temas da atualidade da conjuntura pol\u00edtica brasileira e a conjuntura eclesial ap\u00f3s os 10 da confer\u00eancia de Aparecida. No s\u00e1bado e no domingo, haver\u00e1 o retiro dos bispos.<\/p>\n<p>300 anos de Apari\u00e7\u00e3o<\/p>\n<p>A CNBB, em comemora\u00e7\u00e3o aos 300 anos do encontro da Imagem de Nossa Senhora da Concei\u00e7\u00e3o Aparecida, nas \u00e1guas do rio Para\u00edba do Sul, instituiu o Ano Nacional Mariano, que teve in\u00edcio dia 12 de outubro de 2016, concluindo-se aos 11 de outubro de 2017, para celebrar, fazer mem\u00f3ria e agradecer.<\/p>\n<p>Em sintonia com o Ano Nacional Mariano, v\u00e1rias atividades ser\u00e3o realizadas para marcar os 300 anos da imagem de Aparecida e tamb\u00e9m os 100 anos das apari\u00e7\u00f5es de Nossa Senhora de F\u00e1tima ao longo da 55\u00aa Assembleia dos Bispos do Brasil.<\/p>\n<p>A missa do s\u00e1bado dia 29 de abril, \u00e0s 7h30, ser\u00e1 dedicada \u00e0 nossa Senhora, com entroniza\u00e7\u00e3o da imagem, cantos e homilia especial. \u00c0 noite, \u00e0s 20h, encerrando o Retiro dos Bispos, acontece a peregrina\u00e7\u00e3o, prociss\u00e3o e celebra\u00e7\u00e3o Mariana. Uma Sess\u00e3o Mariana a ser realizada, dia 04 de abril, \u00e0s 18h, encerra as comemora\u00e7\u00f5es durante a 55\u00aa Assembleia dos Bispos do Brasil.(Arquidiocese de Aracaju)<\/p>\n","protected":false},"excerpt":{"rendered":"<p>Episcopado brasileiro aprofunda o tema inicia\u00e7\u00e3o \u00e0 vida crist\u00e3 na 55\u00aa Assembleia Geral da CNBB O Anu\u00e1rio Pontif\u00edcio 2017 e o Anuarium Statisticum Ecclesiae 2015, do Departamento Central de Estat\u00edstica da Igreja do Vaticano, indica que o Brasil ocupa o primeiro lugar no conjunto de dez pa\u00edses do mundo com maior consist\u00eancia de cat\u00f3licos batizados,&nbsp;<\/p>\n<p><a class=\"btn btn-style\" href=\"http:\/\/portalcatolico.net\/portal\/cnbb-estuda-temas-atuais-e-busca-qualificar-a-iniciacao-a-vida-crista\/\">Continue Reading<\/a><\/p>\n","protected":false},"author":2,"featured_media":25968,"comment_status":"open","ping_status":"open","sticky":false,"template":"","format":"standard","meta":{"footnotes":""},"categories":[3],"tags":[],"class_list":["post-25967","post","type-post","status-publish","format-standard","has-post-thumbnail","hentry","category-noticias_regionais"],"_links":{"self":[{"href":"http:\/\/portalcatolico.net\/portal\/wp-json\/wp\/v2\/posts\/25967","targetHints":{"allow":["GET"]}}],"collection":[{"href":"http:\/\/portalcatolico.net\/portal\/wp-json\/wp\/v2\/posts"}],"about":[{"href":"http:\/\/portalcatolico.net\/portal\/wp-json\/wp\/v2\/types\/post"}],"author":[{"embeddable":true,"href":"http:\/\/portalcatolico.net\/portal\/wp-json\/wp\/v2\/users\/2"}],"replies":[{"embeddable":true,"href":"http:\/\/portalcatolico.net\/portal\/wp-json\/wp\/v2\/comments?post=25967"}],"version-history":[{"count":1,"href":"http:\/\/portalcatolico.net\/portal\/wp-json\/wp\/v2\/posts\/25967\/revisions"}],"predecessor-version":[{"id":25969,"href":"http:\/\/portalcatolico.net\/portal\/wp-json\/wp\/v2\/posts\/25967\/revisions\/25969"}],"wp:featuredmedia":[{"embeddable":true,"href":"http:\/\/portalcatolico.net\/portal\/wp-json\/wp\/v2\/media\/25968"}],"wp:attachment":[{"href":"http:\/\/portalcatolico.net\/portal\/wp-json\/wp\/v2\/media?parent=25967"}],"wp:term":[{"taxonomy":"category","embeddable":true,"href":"http:\/\/portalcatolico.net\/portal\/wp-json\/wp\/v2\/categories?post=25967"},{"taxonomy":"post_tag","embeddable":true,"href":"http:\/\/portalcatolico.net\/portal\/wp-json\/wp\/v2\/tags?post=25967"}],"curies":[{"name":"wp","href":"https:\/\/api.w.org\/{rel}","templated":true}]}}