{"id":25563,"date":"2017-04-23T17:24:50","date_gmt":"2017-04-23T17:24:50","guid":{"rendered":"http:\/\/portalcatolico.net\/portal\/?p=25563"},"modified":"2017-04-23T17:24:50","modified_gmt":"2017-04-23T17:24:50","slug":"crianca-do-milagre-de-francisco-e-jacinta-vai-estar-em-fatima","status":"publish","type":"post","link":"http:\/\/portalcatolico.net\/portal\/crianca-do-milagre-de-francisco-e-jacinta-vai-estar-em-fatima\/","title":{"rendered":"Crian\u00e7a do &#8220;milagre&#8221; de Francisco e Jacinta vai estar em F\u00e1tima"},"content":{"rendered":"<p><em>A crian\u00e7a brasileira cuja cura inexplic\u00e1vel permitiu a canoniza\u00e7\u00e3o dos pastorinhos Francisco e Jacinta, e a sua fam\u00edlia, assistem \u00e0 peregrina\u00e7\u00e3o de 12 e 13 de maio em F\u00e1tima, com o Papa Francisco. De acordo com fonte do Santu\u00e1rio, a fam\u00edlia far\u00e1 uma declara\u00e7\u00e3o \u00e0 Imprensa, no dia 11, em F\u00e1tima, ainda em hor\u00e1rio a definir, mas a crian\u00e7a n\u00e3o aparecer\u00e1 em p\u00fablico, dado que \u00e9 menor. &#8220;A fam\u00edlia quer fazer esse testemunho em F\u00e1tima&#8221;, disse.<\/em><\/p>\n<p><em>O Papa Francisco, que preside ao Centen\u00e1rio das Apari\u00e7\u00f5es, eleva a santos, a 13 de maio, em F\u00e1tima, os beatos Francisco e Jacinta.<\/em><\/p>\n<p><em>A R\u00e1dio Vaticana noticiou na quinta-feira que o acontecimento que permite esta canoniza\u00e7\u00e3o se relaciona com a &#8220;cura inexplic\u00e1vel&#8221; de uma crian\u00e7a brasileira de seis anos, em 2007, que sobreviveu a uma queda de sete metros.<\/em><\/p>\n<p><em>Esta informa\u00e7\u00e3o, divulgada no dia em que o Vaticano anunciou que Jacinta e Francisco Marto seriam canonizados em F\u00e1tima, n\u00e3o identifica nem a crian\u00e7a nem o local do Brasil onde ter\u00e3o decorrido os acontecimentos, mas descreve o que se passou.<\/em><\/p>\n<p><em>A crian\u00e7a &#8220;estava na casa do av\u00f4, a brincar com a irm\u00e3zinha, quando caiu, por acidente, de uma janela de cerca sete metros de altura, sofrendo um grave traumatismo cr\u00e2nio encef\u00e1lico, com a perda de material cerebral&#8221;.<\/em><\/p>\n<p><em>Depois de transportada &#8220;ao hospital em coma, foi operada&#8221;, e os m\u00e9dicos disseram que, &#8220;caso sobrevivesse, viveria em estado vegetativo ou, no m\u00e1ximo, com graves defici\u00eancias cognitivas&#8221;.<\/em><\/p>\n<p><em>Escreve a R\u00e1dio do Vaticano que, &#8220;milagrosamente, ap\u00f3s tr\u00eas dias, a crian\u00e7a recebeu alta, n\u00e3o sendo constatado nenhum dano neurol\u00f3gico ou cognitivo&#8221;.<\/em><\/p>\n<p><em>A 2 de fevereiro de 2007, uma equipa m\u00e9dica, segundo a mesma fonte, deu um &#8220;parecer positivo un\u00e2nime sobre o caso, como &#8216;cura inexplic\u00e1vel do ponto de vista cient\u00edfico'&#8221;.<\/em><\/p>\n<p><em>Na descri\u00e7\u00e3o da R\u00e1dio Vaticana, &#8220;no momento do incidente, o pai da crian\u00e7a havia invocado Nossa Senhora de F\u00e1tima e os dois pequenos beatos&#8221;.<\/em><\/p>\n<p><em>&#8220;Na mesma noite, os familiares e uma comunidade de irm\u00e3s de clausura haviam rezado com insist\u00eancia, pedindo a intercess\u00e3o dos pastorinhos de F\u00e1tima&#8221;.<\/em><\/p>\n<p><em>O arcebispo de\u00a0Olinda e Recife\u00a0mostrou-se, esta sexta-feira, satisfeito por ter sido uma crian\u00e7a da arquidiocese brasileira a viabilizar o processo de canoniza\u00e7\u00e3o dos pastorinhos de F\u00e1tima, que se vai realizar a 13 de maio.<\/em><\/p>\n<p><em>&#8220;Fiquei surpreso, fiquei contente e feliz que Recife tenha dado essa contribui\u00e7\u00e3o. Todos aqui ficaram muito satisfeitos e felizes que esse facto tenha sido levado em conta. N\u00e3o conhe\u00e7o a crian\u00e7a, mas pretendo entrar em contacto para conhec\u00ea-la&#8221;, afirmou \u00e0 Lusa Ant\u00f4nio Saburido.<\/em><\/p>\n<p><em>Fonte:Jornal de Noticias<\/em><\/p>\n","protected":false},"excerpt":{"rendered":"<p>A crian\u00e7a brasileira cuja cura inexplic\u00e1vel permitiu a canoniza\u00e7\u00e3o dos pastorinhos Francisco e Jacinta, e a sua fam\u00edlia, assistem \u00e0 peregrina\u00e7\u00e3o de 12 e 13 de maio em F\u00e1tima, com o Papa Francisco. De acordo com fonte do Santu\u00e1rio, a fam\u00edlia far\u00e1 uma declara\u00e7\u00e3o \u00e0 Imprensa, no dia 11, em F\u00e1tima, ainda em hor\u00e1rio a&nbsp;<\/p>\n<p><a class=\"btn btn-style\" href=\"http:\/\/portalcatolico.net\/portal\/crianca-do-milagre-de-francisco-e-jacinta-vai-estar-em-fatima\/\">Continue Reading<\/a><\/p>\n","protected":false},"author":2,"featured_media":25564,"comment_status":"open","ping_status":"open","sticky":false,"template":"","format":"standard","meta":{"footnotes":""},"categories":[5],"tags":[],"class_list":["post-25563","post","type-post","status-publish","format-standard","has-post-thumbnail","hentry","category-igreja_no_mundo"],"_links":{"self":[{"href":"http:\/\/portalcatolico.net\/portal\/wp-json\/wp\/v2\/posts\/25563","targetHints":{"allow":["GET"]}}],"collection":[{"href":"http:\/\/portalcatolico.net\/portal\/wp-json\/wp\/v2\/posts"}],"about":[{"href":"http:\/\/portalcatolico.net\/portal\/wp-json\/wp\/v2\/types\/post"}],"author":[{"embeddable":true,"href":"http:\/\/portalcatolico.net\/portal\/wp-json\/wp\/v2\/users\/2"}],"replies":[{"embeddable":true,"href":"http:\/\/portalcatolico.net\/portal\/wp-json\/wp\/v2\/comments?post=25563"}],"version-history":[{"count":1,"href":"http:\/\/portalcatolico.net\/portal\/wp-json\/wp\/v2\/posts\/25563\/revisions"}],"predecessor-version":[{"id":25565,"href":"http:\/\/portalcatolico.net\/portal\/wp-json\/wp\/v2\/posts\/25563\/revisions\/25565"}],"wp:featuredmedia":[{"embeddable":true,"href":"http:\/\/portalcatolico.net\/portal\/wp-json\/wp\/v2\/media\/25564"}],"wp:attachment":[{"href":"http:\/\/portalcatolico.net\/portal\/wp-json\/wp\/v2\/media?parent=25563"}],"wp:term":[{"taxonomy":"category","embeddable":true,"href":"http:\/\/portalcatolico.net\/portal\/wp-json\/wp\/v2\/categories?post=25563"},{"taxonomy":"post_tag","embeddable":true,"href":"http:\/\/portalcatolico.net\/portal\/wp-json\/wp\/v2\/tags?post=25563"}],"curies":[{"name":"wp","href":"https:\/\/api.w.org\/{rel}","templated":true}]}}